{"id":14905,"date":"2023-10-25T15:59:53","date_gmt":"2023-10-25T18:59:53","guid":{"rendered":"https:\/\/abifa.org.br\/site\/?p=14905"},"modified":"2023-10-25T18:00:59","modified_gmt":"2023-10-25T21:00:59","slug":"reforma-tributaria-somos-a-favor-com-ressalvas","status":"publish","type":"post","link":"https:\/\/abifa.org.br\/site\/reforma-tributaria-somos-a-favor-com-ressalvas\/","title":{"rendered":"Reforma Tribut\u00e1ria \u2013 Somos a favor, com ressalvas"},"content":{"rendered":"\n<p>Em Reuni\u00e3o Plen\u00e1ria aberta a profissionais do setor de fundi\u00e7\u00e3o, a ABIFA recebeu o advogado Marcos Tavares Leite, respons\u00e1vel pela assessoria jur\u00eddica da entidade, que esclareceu alguns pontos referentes ao texto-base da Reforma Tribut\u00e1ria aprovado na C\u00e2mara dos Deputados e encaminhado ao Senado Federal.<\/p>\n\n\n\n<p>A ABIFA \u00e9 sim partid\u00e1ria de uma Reforma Tribut\u00e1ria que proporcione mais competitividade \u00e0s empresas nacionais e, consequentemente, incentive o crescimento econ\u00f4mico. O atual modelo \u00e9 prejudicial \u00e0 competitividade da ind\u00fastria brasileira, elevando os custos da empresa e penalizando os investimentos.<\/p>\n\n\n\n<p>No entanto, \u00e9 preciso atentar para alguns pontos do texto-base aprovado, para se evitar o aumento da carga tribut\u00e1ria na pr\u00e1tica, assim como a burocracia, garantindo a seguran\u00e7a jur\u00eddica tanto da Uni\u00e3o quanto dos entes federados, a exemplo dos contribuintes.<\/p>\n\n\n\n<p>A seguir apontamos algumas destas quest\u00f5es e suas controv\u00e9rsias, discutidas abertamente na Reuni\u00e3o entre os presentes.<\/p>\n\n\n\n<p><strong>Sobre a PEC 45\/2019<\/strong><\/p>\n\n\n\n<p>Trata-se de uma Proposta de Emenda \u00e0 Constitui\u00e7\u00e3o, que, em linhas gerais, prev\u00ea a substitui\u00e7\u00e3o de cinco tributos: PIS, Cofins e IPI (tributos federais); ICMS (tributo estadual); e ISS (tributo municipal). Esses tributos seriam substitu\u00eddos por dois impostos sobre o valor adicionado (IVA), dando maior transpar\u00eancia \u00e0 tributa\u00e7\u00e3o sobre o consumo.<\/p>\n\n\n\n<p>Segundo o texto-base da PEC 45\/2019 aprovado na C\u00e2mara dos Deputados, o ICMS e o ISS seriam incorporados ao Imposto sobre Bens e Servi\u00e7os (IBS). Os Estados e Munic\u00edpios seriam os respons\u00e1veis pela gest\u00e3o deste tributo.<\/p>\n\n\n\n<p>J\u00e1 a Uni\u00e3o ficaria encarregada da Contribui\u00e7\u00e3o sobre Bens e Servi\u00e7os (CBS). O tributo unificaria o Programa de Integra\u00e7\u00e3o Social (PIS), a Contribui\u00e7\u00e3o para o Financiamento da Seguridade Social (Cofins) e o Imposto sobre Produtos Industrializados (IPI).<\/p>\n\n\n\n<p><strong>Posicionamento da ABIFA<\/strong><\/p>\n\n\n\n<p>A possibilidade de cria\u00e7\u00e3o de nova contribui\u00e7\u00e3o estadual vai totalmente na contram\u00e3o do que se pretende com a Reforma Tribut\u00e1ria: Elimina\u00e7\u00e3o da cumulatividade, desonera\u00e7\u00e3o completa das exporta\u00e7\u00f5es, tributa\u00e7\u00e3o do consumo no destino e manuten\u00e7\u00e3o da carga tribut\u00e1ria.<\/p>\n\n\n\n<p><strong>Sobre a PEC 45\/2019 \u2013 Imposto seletivo<\/strong><\/p>\n\n\n\n<p>A PEC 45\/2019 prop\u00f5e a cria\u00e7\u00e3o de um Imposto Seletivo para desestimular o consumo de produtos e servi\u00e7os prejudiciais \u00e0 sa\u00fade e ao meio ambiente, que ser\u00e3o definidos em lei ordin\u00e1ria. Pelo texto-base, Imposto Seletivo integraria a base de c\u00e1lculo do IBS e da CBS.<\/p>\n\n\n\n<p><strong>Posicionamento da ABIFA<\/strong><\/p>\n\n\n\n<p>A indefini\u00e7\u00e3o em rela\u00e7\u00e3o aos \u201cbens e servi\u00e7os prejudiciais \u00e0 sa\u00fade ou ao meio ambiente\u201d pode levar a uma amplia\u00e7\u00e3o excessiva dos bens e servi\u00e7os onerados pelo Imposto Seletivo, atingindo insumos das cadeias produtivas.<\/p>\n\n\n\n<p>A incid\u00eancia do Imposto Seletivo sobre insumos traria uma nova cumulatividade para o sistema tribut\u00e1rio brasileiro, indo de encontro ao que se pretende resolver com a cria\u00e7\u00e3o de um IVA (Imposto sobre Valor Adicionado).<\/p>\n\n\n\n<p>Em 23 de outubro, 590 emendas eram propostas a este texto-base. A conclus\u00e3o a que se chega \u00e9 que o tema \u00e9 complexo e, embora haja pontos favor\u00e1veis, h\u00e1 tantos outros que requerem aperfei\u00e7oamento, para que, de fato, a Reforma Tribut\u00e1ria seja uma aliada \u00e0 competitividade da ind\u00fastria nacional.<\/p>\n\n\n\n<p>A ABIFA, enquanto entidade representativa da cadeia brasileira de fundi\u00e7\u00e3o, segue acompanhando o tema na esfera legislativa, colocando-se \u00e0 disposi\u00e7\u00e3o de suas Associadas para esclarecimentos adicionais.<\/p>\n","protected":false},"excerpt":{"rendered":"<p>Em Reuni\u00e3o Plen\u00e1ria aberta a profissionais do setor de fundi\u00e7\u00e3o,&hellip;<\/p>\n<p> <a class=\"more-link\" href=\"https:\/\/abifa.org.br\/site\/reforma-tributaria-somos-a-favor-com-ressalvas\/\">Leia mais<\/a><\/p>\n","protected":false},"author":1,"featured_media":0,"comment_status":"open","ping_status":"open","sticky":false,"template":"","format":"standard","meta":{"_acf_changed":false,"om_disable_all_campaigns":false,"_uf_show_specific_survey":0,"_uf_disable_surveys":false,"footnotes":""},"categories":[48,55,46,49,52],"tags":[],"class_list":{"0":"post-14905","1":"post","2":"type-post","3":"status-publish","4":"format-standard","6":"category-abifa","7":"category-abifa-apoia","8":"category-associados-abifa-beneficios","9":"category-industria-noticias","10":"category-reuniao-plenaria"},"acf":[],"yoast_head":"<!-- This site is optimized with the Yoast SEO Premium plugin v26.1 (Yoast SEO v26.1) - https:\/\/yoast.com\/wordpress\/plugins\/seo\/ -->\n<title>Reforma Tribut\u00e1ria \u2013 Somos a favor, com ressalvas - ABIFA<\/title>\n<meta name=\"robots\" content=\"index, follow, max-snippet:-1, max-image-preview:large, max-video-preview:-1\" \/>\n<link rel=\"canonical\" href=\"https:\/\/abifa.org.br\/site\/reforma-tributaria-somos-a-favor-com-ressalvas\/\" \/>\n<meta property=\"og:locale\" content=\"pt_BR\" \/>\n<meta property=\"og:type\" content=\"article\" \/>\n<meta property=\"og:title\" content=\"Reforma Tribut\u00e1ria \u2013 Somos a favor, com ressalvas\" \/>\n<meta property=\"og:description\" content=\"Em Reuni\u00e3o Plen\u00e1ria aberta a profissionais do setor de fundi\u00e7\u00e3o,&hellip;  Leia mais\" \/>\n<meta property=\"og:url\" content=\"https:\/\/abifa.org.br\/site\/reforma-tributaria-somos-a-favor-com-ressalvas\/\" \/>\n<meta property=\"og:site_name\" content=\"ABIFA\" \/>\n<meta property=\"article:published_time\" content=\"2023-10-25T18:59:53+00:00\" \/>\n<meta property=\"article:modified_time\" content=\"2023-10-25T21:00:59+00:00\" \/>\n<meta name=\"author\" content=\"ABIFA\" \/>\n<meta name=\"twitter:card\" content=\"summary_large_image\" \/>\n<meta name=\"twitter:label1\" content=\"Escrito por\" \/>\n\t<meta name=\"twitter:data1\" content=\"ABIFA\" \/>\n\t<meta name=\"twitter:label2\" content=\"Est. tempo de leitura\" \/>\n\t<meta name=\"twitter:data2\" content=\"3 minutos\" \/>\n<script type=\"application\/ld+json\" class=\"yoast-schema-graph\">{\"@context\":\"https:\/\/schema.org\",\"@graph\":[{\"@type\":\"Article\",\"@id\":\"https:\/\/abifa.org.br\/site\/reforma-tributaria-somos-a-favor-com-ressalvas\/#article\",\"isPartOf\":{\"@id\":\"https:\/\/abifa.org.br\/site\/reforma-tributaria-somos-a-favor-com-ressalvas\/\"},\"author\":{\"name\":\"ABIFA\",\"@id\":\"https:\/\/abifa.org.br\/site\/#\/schema\/person\/7f5efb1b42ce680f4197d4088b88318c\"},\"headline\":\"Reforma Tribut\u00e1ria \u2013 Somos a favor, com ressalvas\",\"datePublished\":\"2023-10-25T18:59:53+00:00\",\"dateModified\":\"2023-10-25T21:00:59+00:00\",\"mainEntityOfPage\":{\"@id\":\"https:\/\/abifa.org.br\/site\/reforma-tributaria-somos-a-favor-com-ressalvas\/\"},\"wordCount\":563,\"commentCount\":0,\"publisher\":{\"@id\":\"https:\/\/abifa.org.br\/site\/#organization\"},\"articleSection\":[\"ABIFA\",\"ABIFA Apoia\",\"Associados ABIFA - Benef\u00edcios\",\"Ind\u00fastria - Not\u00edcias\",\"Reuni\u00e3o Plen\u00e1ria\"],\"inLanguage\":\"pt-BR\",\"potentialAction\":[{\"@type\":\"CommentAction\",\"name\":\"Comment\",\"target\":[\"https:\/\/abifa.org.br\/site\/reforma-tributaria-somos-a-favor-com-ressalvas\/#respond\"]}]},{\"@type\":\"WebPage\",\"@id\":\"https:\/\/abifa.org.br\/site\/reforma-tributaria-somos-a-favor-com-ressalvas\/\",\"url\":\"https:\/\/abifa.org.br\/site\/reforma-tributaria-somos-a-favor-com-ressalvas\/\",\"name\":\"Reforma Tribut\u00e1ria \u2013 Somos a favor, com ressalvas - ABIFA\",\"isPartOf\":{\"@id\":\"https:\/\/abifa.org.br\/site\/#website\"},\"datePublished\":\"2023-10-25T18:59:53+00:00\",\"dateModified\":\"2023-10-25T21:00:59+00:00\",\"breadcrumb\":{\"@id\":\"https:\/\/abifa.org.br\/site\/reforma-tributaria-somos-a-favor-com-ressalvas\/#breadcrumb\"},\"inLanguage\":\"pt-BR\",\"potentialAction\":[{\"@type\":\"ReadAction\",\"target\":[\"https:\/\/abifa.org.br\/site\/reforma-tributaria-somos-a-favor-com-ressalvas\/\"]}]},{\"@type\":\"BreadcrumbList\",\"@id\":\"https:\/\/abifa.org.br\/site\/reforma-tributaria-somos-a-favor-com-ressalvas\/#breadcrumb\",\"itemListElement\":[{\"@type\":\"ListItem\",\"position\":1,\"name\":\"In\u00edcio\",\"item\":\"https:\/\/abifa.org.br\/site\/\"},{\"@type\":\"ListItem\",\"position\":2,\"name\":\"Reforma Tribut\u00e1ria \u2013 Somos a favor, com ressalvas\"}]},{\"@type\":\"WebSite\",\"@id\":\"https:\/\/abifa.org.br\/site\/#website\",\"url\":\"https:\/\/abifa.org.br\/site\/\",\"name\":\"ABIFA\",\"description\":\"\",\"publisher\":{\"@id\":\"https:\/\/abifa.org.br\/site\/#organization\"},\"potentialAction\":[{\"@type\":\"SearchAction\",\"target\":{\"@type\":\"EntryPoint\",\"urlTemplate\":\"https:\/\/abifa.org.br\/site\/?s={search_term_string}\"},\"query-input\":{\"@type\":\"PropertyValueSpecification\",\"valueRequired\":true,\"valueName\":\"search_term_string\"}}],\"inLanguage\":\"pt-BR\"},{\"@type\":\"Organization\",\"@id\":\"https:\/\/abifa.org.br\/site\/#organization\",\"name\":\"ABIFA\",\"url\":\"https:\/\/abifa.org.br\/site\/\",\"logo\":{\"@type\":\"ImageObject\",\"inLanguage\":\"pt-BR\",\"@id\":\"https:\/\/abifa.org.br\/site\/#\/schema\/logo\/image\/\",\"url\":\"https:\/\/abifa.org.br\/site\/wp-content\/uploads\/2022\/11\/cropped-logo_abifa.png\",\"contentUrl\":\"https:\/\/abifa.org.br\/site\/wp-content\/uploads\/2022\/11\/cropped-logo_abifa.png\",\"width\":250,\"height\":116,\"caption\":\"ABIFA\"},\"image\":{\"@id\":\"https:\/\/abifa.org.br\/site\/#\/schema\/logo\/image\/\"}},{\"@type\":\"Person\",\"@id\":\"https:\/\/abifa.org.br\/site\/#\/schema\/person\/7f5efb1b42ce680f4197d4088b88318c\",\"name\":\"ABIFA\",\"sameAs\":[\"https:\/\/abifa.org.br\/site\"],\"url\":\"https:\/\/abifa.org.br\/site\/author\/adm_abifa_2022\/\"}]}<\/script>\n<!-- \/ Yoast SEO Premium plugin. -->","yoast_head_json":{"title":"Reforma Tribut\u00e1ria \u2013 Somos a favor, com ressalvas - ABIFA","robots":{"index":"index","follow":"follow","max-snippet":"max-snippet:-1","max-image-preview":"max-image-preview:large","max-video-preview":"max-video-preview:-1"},"canonical":"https:\/\/abifa.org.br\/site\/reforma-tributaria-somos-a-favor-com-ressalvas\/","og_locale":"pt_BR","og_type":"article","og_title":"Reforma Tribut\u00e1ria \u2013 Somos a favor, com ressalvas","og_description":"Em Reuni\u00e3o Plen\u00e1ria aberta a profissionais do setor de fundi\u00e7\u00e3o,&hellip;  Leia mais","og_url":"https:\/\/abifa.org.br\/site\/reforma-tributaria-somos-a-favor-com-ressalvas\/","og_site_name":"ABIFA","article_published_time":"2023-10-25T18:59:53+00:00","article_modified_time":"2023-10-25T21:00:59+00:00","author":"ABIFA","twitter_card":"summary_large_image","twitter_misc":{"Escrito por":"ABIFA","Est. tempo de leitura":"3 minutos"},"schema":{"@context":"https:\/\/schema.org","@graph":[{"@type":"Article","@id":"https:\/\/abifa.org.br\/site\/reforma-tributaria-somos-a-favor-com-ressalvas\/#article","isPartOf":{"@id":"https:\/\/abifa.org.br\/site\/reforma-tributaria-somos-a-favor-com-ressalvas\/"},"author":{"name":"ABIFA","@id":"https:\/\/abifa.org.br\/site\/#\/schema\/person\/7f5efb1b42ce680f4197d4088b88318c"},"headline":"Reforma Tribut\u00e1ria \u2013 Somos a favor, com ressalvas","datePublished":"2023-10-25T18:59:53+00:00","dateModified":"2023-10-25T21:00:59+00:00","mainEntityOfPage":{"@id":"https:\/\/abifa.org.br\/site\/reforma-tributaria-somos-a-favor-com-ressalvas\/"},"wordCount":563,"commentCount":0,"publisher":{"@id":"https:\/\/abifa.org.br\/site\/#organization"},"articleSection":["ABIFA","ABIFA Apoia","Associados ABIFA - Benef\u00edcios","Ind\u00fastria - Not\u00edcias","Reuni\u00e3o Plen\u00e1ria"],"inLanguage":"pt-BR","potentialAction":[{"@type":"CommentAction","name":"Comment","target":["https:\/\/abifa.org.br\/site\/reforma-tributaria-somos-a-favor-com-ressalvas\/#respond"]}]},{"@type":"WebPage","@id":"https:\/\/abifa.org.br\/site\/reforma-tributaria-somos-a-favor-com-ressalvas\/","url":"https:\/\/abifa.org.br\/site\/reforma-tributaria-somos-a-favor-com-ressalvas\/","name":"Reforma Tribut\u00e1ria \u2013 Somos a favor, com ressalvas - ABIFA","isPartOf":{"@id":"https:\/\/abifa.org.br\/site\/#website"},"datePublished":"2023-10-25T18:59:53+00:00","dateModified":"2023-10-25T21:00:59+00:00","breadcrumb":{"@id":"https:\/\/abifa.org.br\/site\/reforma-tributaria-somos-a-favor-com-ressalvas\/#breadcrumb"},"inLanguage":"pt-BR","potentialAction":[{"@type":"ReadAction","target":["https:\/\/abifa.org.br\/site\/reforma-tributaria-somos-a-favor-com-ressalvas\/"]}]},{"@type":"BreadcrumbList","@id":"https:\/\/abifa.org.br\/site\/reforma-tributaria-somos-a-favor-com-ressalvas\/#breadcrumb","itemListElement":[{"@type":"ListItem","position":1,"name":"In\u00edcio","item":"https:\/\/abifa.org.br\/site\/"},{"@type":"ListItem","position":2,"name":"Reforma Tribut\u00e1ria \u2013 Somos a favor, com ressalvas"}]},{"@type":"WebSite","@id":"https:\/\/abifa.org.br\/site\/#website","url":"https:\/\/abifa.org.br\/site\/","name":"ABIFA","description":"","publisher":{"@id":"https:\/\/abifa.org.br\/site\/#organization"},"potentialAction":[{"@type":"SearchAction","target":{"@type":"EntryPoint","urlTemplate":"https:\/\/abifa.org.br\/site\/?s={search_term_string}"},"query-input":{"@type":"PropertyValueSpecification","valueRequired":true,"valueName":"search_term_string"}}],"inLanguage":"pt-BR"},{"@type":"Organization","@id":"https:\/\/abifa.org.br\/site\/#organization","name":"ABIFA","url":"https:\/\/abifa.org.br\/site\/","logo":{"@type":"ImageObject","inLanguage":"pt-BR","@id":"https:\/\/abifa.org.br\/site\/#\/schema\/logo\/image\/","url":"https:\/\/abifa.org.br\/site\/wp-content\/uploads\/2022\/11\/cropped-logo_abifa.png","contentUrl":"https:\/\/abifa.org.br\/site\/wp-content\/uploads\/2022\/11\/cropped-logo_abifa.png","width":250,"height":116,"caption":"ABIFA"},"image":{"@id":"https:\/\/abifa.org.br\/site\/#\/schema\/logo\/image\/"}},{"@type":"Person","@id":"https:\/\/abifa.org.br\/site\/#\/schema\/person\/7f5efb1b42ce680f4197d4088b88318c","name":"ABIFA","sameAs":["https:\/\/abifa.org.br\/site"],"url":"https:\/\/abifa.org.br\/site\/author\/adm_abifa_2022\/"}]}},"_links":{"self":[{"href":"https:\/\/abifa.org.br\/site\/wp-json\/wp\/v2\/posts\/14905","targetHints":{"allow":["GET"]}}],"collection":[{"href":"https:\/\/abifa.org.br\/site\/wp-json\/wp\/v2\/posts"}],"about":[{"href":"https:\/\/abifa.org.br\/site\/wp-json\/wp\/v2\/types\/post"}],"author":[{"embeddable":true,"href":"https:\/\/abifa.org.br\/site\/wp-json\/wp\/v2\/users\/1"}],"replies":[{"embeddable":true,"href":"https:\/\/abifa.org.br\/site\/wp-json\/wp\/v2\/comments?post=14905"}],"version-history":[{"count":0,"href":"https:\/\/abifa.org.br\/site\/wp-json\/wp\/v2\/posts\/14905\/revisions"}],"wp:attachment":[{"href":"https:\/\/abifa.org.br\/site\/wp-json\/wp\/v2\/media?parent=14905"}],"wp:term":[{"taxonomy":"category","embeddable":true,"href":"https:\/\/abifa.org.br\/site\/wp-json\/wp\/v2\/categories?post=14905"},{"taxonomy":"post_tag","embeddable":true,"href":"https:\/\/abifa.org.br\/site\/wp-json\/wp\/v2\/tags?post=14905"}],"curies":[{"name":"wp","href":"https:\/\/api.w.org\/{rel}","templated":true}]}}