{"id":14907,"date":"2023-10-25T16:01:55","date_gmt":"2023-10-25T19:01:55","guid":{"rendered":"https:\/\/abifa.org.br\/site\/?p=14907"},"modified":"2023-10-26T14:31:04","modified_gmt":"2023-10-26T17:31:04","slug":"desoneracao-da-folha-de-pagamento-para-a-fundicao-abifa-se-posiciona-no-congresso-nacional","status":"publish","type":"post","link":"https:\/\/abifa.org.br\/site\/desoneracao-da-folha-de-pagamento-para-a-fundicao-abifa-se-posiciona-no-congresso-nacional\/","title":{"rendered":"Desonera\u00e7\u00e3o da folha de pagamento para a fundi\u00e7\u00e3o \u2013 ABIFA se posiciona no Congresso Nacional"},"content":{"rendered":"\n<p>O tema est\u00e1 entre os pleitos da ABIFA ao governo federal, conforme apresentado na Reuni\u00e3o Plen\u00e1ria da entidade por D\u00e9urick Gr\u00e9gory, gerente de Rela\u00e7\u00f5es Institucionais da Tupy e representante da ABIFA em Bras\u00edlia.<\/p>\n\n\n\n<p><strong>Sobre a desonera\u00e7\u00e3o da folha de pagamento<\/strong><\/p>\n\n\n\n<p>A desonera\u00e7\u00e3o da folha de pagamento consiste na substitui\u00e7\u00e3o da base de c\u00e1lculo previdenci\u00e1ria. Ou seja, ao inv\u00e9s de pagar a contribui\u00e7\u00e3o previdenci\u00e1ria patronal (CPP) de 20% sobre a folha de pagamento, a empresa paga a chamada Contribui\u00e7\u00e3o Previdenci\u00e1ria Sobre Receita Bruta (CPRB).<\/p>\n\n\n\n<p>Com esta modalidade de tributo, o valor recolhido \u00e9 determinado por um percentual (de 1% a 4,5%) sobre a receita bruta da empresa.<\/p>\n\n\n\n<p>Criado em 2011 (Lei n\u00ba 12.546\/2011), o objetivo deste sistema de contribui\u00e7\u00e3o \u00e9 aumentar o n\u00famero de empregos e diminuir o valor dos produtos finais, elevando, por conseguinte o consumo. Em 2011, 56 setores foram contemplados com o benef\u00edcio, entre eles a fundi\u00e7\u00e3o.<\/p>\n\n\n\n<p>Em 2018, ap\u00f3s a greve dos caminhoneiros, ou melhor, ap\u00f3s as medidas para cont\u00ea-la (subven\u00e7\u00e3o ao \u00f3leo diesel e redu\u00e7\u00e3o de impostos federais, como PIS e Cofins), ou seja, banc\u00e1-las, o governo reviu os setores contemplados pelo sistema de desonera\u00e7\u00e3o da folha de pagamento e excluiu o benef\u00edcio \u00e0 ind\u00fastria de fundi\u00e7\u00e3o (e outros 38 setores), situa\u00e7\u00e3o que a ABIFA vem tentando reverter desde ent\u00e3o. Afinal, a fundi\u00e7\u00e3o \u00e9 um segmento estrat\u00e9gico para o pa\u00eds, intensiva em m\u00e3o de obra, fornecedora direta ou indireta de toda a cadeia industrial, empregando mais de 60 mil profissionais.<\/p>\n\n\n\n<p>Em 2021, a ABIFA protocolizou a emenda aditiva \u00e0 Lei n\u00ba 12.546, justificando a inclus\u00e3o da ind\u00fastria de fundi\u00e7\u00e3o na desonera\u00e7\u00e3o da folha de pagamento, n\u00e3o tendo sido atendida.<\/p>\n\n\n\n<p>Em 24 de outubro \u00faltimo, o Projeto de Lei n\u00ba 334\/2023 foi aprovado, prorrogando at\u00e9 31 de dezembro de 2027 a desonera\u00e7\u00e3o da folha de pagamento \u00e0queles 17 setores.<\/p>\n\n\n\n<p>Visando \u00e0 extens\u00e3o do benef\u00edcio \u00e0 fundi\u00e7\u00e3o, o di\u00e1logo cont\u00ednuo entre a ABIFA e os poderes executivo e legislativo segue, com argumentos como:<\/p>\n\n\n\n<p>\u25a0 A participa\u00e7\u00e3o do setor de fundi\u00e7\u00e3o na desonera\u00e7\u00e3o \u00e9 de apenas 0,06% do total<\/p>\n\n\n\n<p>\u25a0 A isonomia entre o setor de fundi\u00e7\u00e3o \u00e9 fundamental para assegurar a \u201cigualdade tribut\u00e1ria entre contribuintes que se encontrem em situa\u00e7\u00e3o equivalente\u201d (art. Inciso II da CF 1988)<\/p>\n\n\n\n<p>\u25a0 Havendo limita\u00e7\u00f5es or\u00e7ament\u00e1rias, uma solu\u00e7\u00e3o a ser adotada \u00e9 a redistribui\u00e7\u00e3o equitativa dos recursos da desonera\u00e7\u00e3o a todos os setores demandantes.<\/p>\n","protected":false},"excerpt":{"rendered":"<p>O tema est\u00e1 entre os pleitos da ABIFA ao governo&hellip;<\/p>\n<p> <a class=\"more-link\" href=\"https:\/\/abifa.org.br\/site\/desoneracao-da-folha-de-pagamento-para-a-fundicao-abifa-se-posiciona-no-congresso-nacional\/\">Leia mais<\/a><\/p>\n","protected":false},"author":1,"featured_media":14611,"comment_status":"open","ping_status":"open","sticky":false,"template":"","format":"standard","meta":{"_acf_changed":false,"om_disable_all_campaigns":false,"_uf_show_specific_survey":0,"_uf_disable_surveys":false,"footnotes":""},"categories":[48,55,46,49,52],"tags":[],"class_list":{"0":"post-14907","1":"post","2":"type-post","3":"status-publish","4":"format-standard","5":"has-post-thumbnail","7":"category-abifa","8":"category-abifa-apoia","9":"category-associados-abifa-beneficios","10":"category-industria-noticias","11":"category-reuniao-plenaria"},"acf":[],"yoast_head":"<!-- This site is optimized with the Yoast SEO Premium plugin v26.1 (Yoast SEO v26.1) - https:\/\/yoast.com\/wordpress\/plugins\/seo\/ -->\n<title>Desonera\u00e7\u00e3o da folha de pagamento para a fundi\u00e7\u00e3o \u2013 ABIFA se posiciona no Congresso Nacional - ABIFA<\/title>\n<meta name=\"robots\" content=\"index, follow, max-snippet:-1, max-image-preview:large, max-video-preview:-1\" \/>\n<link rel=\"canonical\" href=\"https:\/\/abifa.org.br\/site\/desoneracao-da-folha-de-pagamento-para-a-fundicao-abifa-se-posiciona-no-congresso-nacional\/\" \/>\n<meta property=\"og:locale\" content=\"pt_BR\" \/>\n<meta property=\"og:type\" content=\"article\" \/>\n<meta property=\"og:title\" content=\"Desonera\u00e7\u00e3o da folha de pagamento para a fundi\u00e7\u00e3o \u2013 ABIFA se posiciona no Congresso Nacional\" \/>\n<meta property=\"og:description\" content=\"O tema est\u00e1 entre os pleitos da ABIFA ao governo&hellip;  Leia mais\" \/>\n<meta property=\"og:url\" content=\"https:\/\/abifa.org.br\/site\/desoneracao-da-folha-de-pagamento-para-a-fundicao-abifa-se-posiciona-no-congresso-nacional\/\" \/>\n<meta property=\"og:site_name\" content=\"ABIFA\" \/>\n<meta property=\"article:published_time\" content=\"2023-10-25T19:01:55+00:00\" \/>\n<meta property=\"article:modified_time\" content=\"2023-10-26T17:31:04+00:00\" \/>\n<meta property=\"og:image\" content=\"https:\/\/abifa.org.br\/site\/wp-content\/uploads\/2023\/10\/espacamento_blog.jpg\" \/>\n\t<meta property=\"og:image:width\" content=\"600\" \/>\n\t<meta property=\"og:image:height\" content=\"2\" \/>\n\t<meta property=\"og:image:type\" content=\"image\/jpeg\" \/>\n<meta name=\"author\" content=\"ABIFA\" \/>\n<meta name=\"twitter:card\" content=\"summary_large_image\" \/>\n<meta name=\"twitter:label1\" content=\"Escrito por\" \/>\n\t<meta name=\"twitter:data1\" content=\"ABIFA\" \/>\n\t<meta name=\"twitter:label2\" content=\"Est. tempo de leitura\" \/>\n\t<meta name=\"twitter:data2\" content=\"2 minutos\" \/>\n<script type=\"application\/ld+json\" class=\"yoast-schema-graph\">{\"@context\":\"https:\/\/schema.org\",\"@graph\":[{\"@type\":\"Article\",\"@id\":\"https:\/\/abifa.org.br\/site\/desoneracao-da-folha-de-pagamento-para-a-fundicao-abifa-se-posiciona-no-congresso-nacional\/#article\",\"isPartOf\":{\"@id\":\"https:\/\/abifa.org.br\/site\/desoneracao-da-folha-de-pagamento-para-a-fundicao-abifa-se-posiciona-no-congresso-nacional\/\"},\"author\":{\"name\":\"ABIFA\",\"@id\":\"https:\/\/abifa.org.br\/site\/#\/schema\/person\/7f5efb1b42ce680f4197d4088b88318c\"},\"headline\":\"Desonera\u00e7\u00e3o da folha de pagamento para a fundi\u00e7\u00e3o \u2013 ABIFA se posiciona no Congresso Nacional\",\"datePublished\":\"2023-10-25T19:01:55+00:00\",\"dateModified\":\"2023-10-26T17:31:04+00:00\",\"mainEntityOfPage\":{\"@id\":\"https:\/\/abifa.org.br\/site\/desoneracao-da-folha-de-pagamento-para-a-fundicao-abifa-se-posiciona-no-congresso-nacional\/\"},\"wordCount\":434,\"commentCount\":0,\"publisher\":{\"@id\":\"https:\/\/abifa.org.br\/site\/#organization\"},\"image\":{\"@id\":\"https:\/\/abifa.org.br\/site\/desoneracao-da-folha-de-pagamento-para-a-fundicao-abifa-se-posiciona-no-congresso-nacional\/#primaryimage\"},\"thumbnailUrl\":\"https:\/\/abifa.org.br\/site\/wp-content\/uploads\/2023\/10\/espacamento_blog.jpg\",\"articleSection\":[\"ABIFA\",\"ABIFA Apoia\",\"Associados ABIFA - Benef\u00edcios\",\"Ind\u00fastria - Not\u00edcias\",\"Reuni\u00e3o Plen\u00e1ria\"],\"inLanguage\":\"pt-BR\",\"potentialAction\":[{\"@type\":\"CommentAction\",\"name\":\"Comment\",\"target\":[\"https:\/\/abifa.org.br\/site\/desoneracao-da-folha-de-pagamento-para-a-fundicao-abifa-se-posiciona-no-congresso-nacional\/#respond\"]}]},{\"@type\":\"WebPage\",\"@id\":\"https:\/\/abifa.org.br\/site\/desoneracao-da-folha-de-pagamento-para-a-fundicao-abifa-se-posiciona-no-congresso-nacional\/\",\"url\":\"https:\/\/abifa.org.br\/site\/desoneracao-da-folha-de-pagamento-para-a-fundicao-abifa-se-posiciona-no-congresso-nacional\/\",\"name\":\"Desonera\u00e7\u00e3o da folha de pagamento para a fundi\u00e7\u00e3o \u2013 ABIFA se posiciona no Congresso Nacional - ABIFA\",\"isPartOf\":{\"@id\":\"https:\/\/abifa.org.br\/site\/#website\"},\"primaryImageOfPage\":{\"@id\":\"https:\/\/abifa.org.br\/site\/desoneracao-da-folha-de-pagamento-para-a-fundicao-abifa-se-posiciona-no-congresso-nacional\/#primaryimage\"},\"image\":{\"@id\":\"https:\/\/abifa.org.br\/site\/desoneracao-da-folha-de-pagamento-para-a-fundicao-abifa-se-posiciona-no-congresso-nacional\/#primaryimage\"},\"thumbnailUrl\":\"https:\/\/abifa.org.br\/site\/wp-content\/uploads\/2023\/10\/espacamento_blog.jpg\",\"datePublished\":\"2023-10-25T19:01:55+00:00\",\"dateModified\":\"2023-10-26T17:31:04+00:00\",\"breadcrumb\":{\"@id\":\"https:\/\/abifa.org.br\/site\/desoneracao-da-folha-de-pagamento-para-a-fundicao-abifa-se-posiciona-no-congresso-nacional\/#breadcrumb\"},\"inLanguage\":\"pt-BR\",\"potentialAction\":[{\"@type\":\"ReadAction\",\"target\":[\"https:\/\/abifa.org.br\/site\/desoneracao-da-folha-de-pagamento-para-a-fundicao-abifa-se-posiciona-no-congresso-nacional\/\"]}]},{\"@type\":\"ImageObject\",\"inLanguage\":\"pt-BR\",\"@id\":\"https:\/\/abifa.org.br\/site\/desoneracao-da-folha-de-pagamento-para-a-fundicao-abifa-se-posiciona-no-congresso-nacional\/#primaryimage\",\"url\":\"https:\/\/abifa.org.br\/site\/wp-content\/uploads\/2023\/10\/espacamento_blog.jpg\",\"contentUrl\":\"https:\/\/abifa.org.br\/site\/wp-content\/uploads\/2023\/10\/espacamento_blog.jpg\",\"width\":600,\"height\":2},{\"@type\":\"BreadcrumbList\",\"@id\":\"https:\/\/abifa.org.br\/site\/desoneracao-da-folha-de-pagamento-para-a-fundicao-abifa-se-posiciona-no-congresso-nacional\/#breadcrumb\",\"itemListElement\":[{\"@type\":\"ListItem\",\"position\":1,\"name\":\"In\u00edcio\",\"item\":\"https:\/\/abifa.org.br\/site\/\"},{\"@type\":\"ListItem\",\"position\":2,\"name\":\"Desonera\u00e7\u00e3o da folha de pagamento para a fundi\u00e7\u00e3o \u2013 ABIFA se posiciona no Congresso Nacional\"}]},{\"@type\":\"WebSite\",\"@id\":\"https:\/\/abifa.org.br\/site\/#website\",\"url\":\"https:\/\/abifa.org.br\/site\/\",\"name\":\"ABIFA\",\"description\":\"\",\"publisher\":{\"@id\":\"https:\/\/abifa.org.br\/site\/#organization\"},\"potentialAction\":[{\"@type\":\"SearchAction\",\"target\":{\"@type\":\"EntryPoint\",\"urlTemplate\":\"https:\/\/abifa.org.br\/site\/?s={search_term_string}\"},\"query-input\":{\"@type\":\"PropertyValueSpecification\",\"valueRequired\":true,\"valueName\":\"search_term_string\"}}],\"inLanguage\":\"pt-BR\"},{\"@type\":\"Organization\",\"@id\":\"https:\/\/abifa.org.br\/site\/#organization\",\"name\":\"ABIFA\",\"url\":\"https:\/\/abifa.org.br\/site\/\",\"logo\":{\"@type\":\"ImageObject\",\"inLanguage\":\"pt-BR\",\"@id\":\"https:\/\/abifa.org.br\/site\/#\/schema\/logo\/image\/\",\"url\":\"https:\/\/abifa.org.br\/site\/wp-content\/uploads\/2022\/11\/cropped-logo_abifa.png\",\"contentUrl\":\"https:\/\/abifa.org.br\/site\/wp-content\/uploads\/2022\/11\/cropped-logo_abifa.png\",\"width\":250,\"height\":116,\"caption\":\"ABIFA\"},\"image\":{\"@id\":\"https:\/\/abifa.org.br\/site\/#\/schema\/logo\/image\/\"}},{\"@type\":\"Person\",\"@id\":\"https:\/\/abifa.org.br\/site\/#\/schema\/person\/7f5efb1b42ce680f4197d4088b88318c\",\"name\":\"ABIFA\",\"sameAs\":[\"https:\/\/abifa.org.br\/site\"],\"url\":\"https:\/\/abifa.org.br\/site\/author\/adm_abifa_2022\/\"}]}<\/script>\n<!-- \/ Yoast SEO Premium plugin. -->","yoast_head_json":{"title":"Desonera\u00e7\u00e3o da folha de pagamento para a fundi\u00e7\u00e3o \u2013 ABIFA se posiciona no Congresso Nacional - ABIFA","robots":{"index":"index","follow":"follow","max-snippet":"max-snippet:-1","max-image-preview":"max-image-preview:large","max-video-preview":"max-video-preview:-1"},"canonical":"https:\/\/abifa.org.br\/site\/desoneracao-da-folha-de-pagamento-para-a-fundicao-abifa-se-posiciona-no-congresso-nacional\/","og_locale":"pt_BR","og_type":"article","og_title":"Desonera\u00e7\u00e3o da folha de pagamento para a fundi\u00e7\u00e3o \u2013 ABIFA se posiciona no Congresso Nacional","og_description":"O tema est\u00e1 entre os pleitos da ABIFA ao governo&hellip;  Leia mais","og_url":"https:\/\/abifa.org.br\/site\/desoneracao-da-folha-de-pagamento-para-a-fundicao-abifa-se-posiciona-no-congresso-nacional\/","og_site_name":"ABIFA","article_published_time":"2023-10-25T19:01:55+00:00","article_modified_time":"2023-10-26T17:31:04+00:00","og_image":[{"width":600,"height":2,"url":"https:\/\/abifa.org.br\/site\/wp-content\/uploads\/2023\/10\/espacamento_blog.jpg","type":"image\/jpeg"}],"author":"ABIFA","twitter_card":"summary_large_image","twitter_misc":{"Escrito por":"ABIFA","Est. tempo de leitura":"2 minutos"},"schema":{"@context":"https:\/\/schema.org","@graph":[{"@type":"Article","@id":"https:\/\/abifa.org.br\/site\/desoneracao-da-folha-de-pagamento-para-a-fundicao-abifa-se-posiciona-no-congresso-nacional\/#article","isPartOf":{"@id":"https:\/\/abifa.org.br\/site\/desoneracao-da-folha-de-pagamento-para-a-fundicao-abifa-se-posiciona-no-congresso-nacional\/"},"author":{"name":"ABIFA","@id":"https:\/\/abifa.org.br\/site\/#\/schema\/person\/7f5efb1b42ce680f4197d4088b88318c"},"headline":"Desonera\u00e7\u00e3o da folha de pagamento para a fundi\u00e7\u00e3o \u2013 ABIFA se posiciona no Congresso Nacional","datePublished":"2023-10-25T19:01:55+00:00","dateModified":"2023-10-26T17:31:04+00:00","mainEntityOfPage":{"@id":"https:\/\/abifa.org.br\/site\/desoneracao-da-folha-de-pagamento-para-a-fundicao-abifa-se-posiciona-no-congresso-nacional\/"},"wordCount":434,"commentCount":0,"publisher":{"@id":"https:\/\/abifa.org.br\/site\/#organization"},"image":{"@id":"https:\/\/abifa.org.br\/site\/desoneracao-da-folha-de-pagamento-para-a-fundicao-abifa-se-posiciona-no-congresso-nacional\/#primaryimage"},"thumbnailUrl":"https:\/\/abifa.org.br\/site\/wp-content\/uploads\/2023\/10\/espacamento_blog.jpg","articleSection":["ABIFA","ABIFA Apoia","Associados ABIFA - Benef\u00edcios","Ind\u00fastria - Not\u00edcias","Reuni\u00e3o Plen\u00e1ria"],"inLanguage":"pt-BR","potentialAction":[{"@type":"CommentAction","name":"Comment","target":["https:\/\/abifa.org.br\/site\/desoneracao-da-folha-de-pagamento-para-a-fundicao-abifa-se-posiciona-no-congresso-nacional\/#respond"]}]},{"@type":"WebPage","@id":"https:\/\/abifa.org.br\/site\/desoneracao-da-folha-de-pagamento-para-a-fundicao-abifa-se-posiciona-no-congresso-nacional\/","url":"https:\/\/abifa.org.br\/site\/desoneracao-da-folha-de-pagamento-para-a-fundicao-abifa-se-posiciona-no-congresso-nacional\/","name":"Desonera\u00e7\u00e3o da folha de pagamento para a fundi\u00e7\u00e3o \u2013 ABIFA se posiciona no Congresso Nacional - ABIFA","isPartOf":{"@id":"https:\/\/abifa.org.br\/site\/#website"},"primaryImageOfPage":{"@id":"https:\/\/abifa.org.br\/site\/desoneracao-da-folha-de-pagamento-para-a-fundicao-abifa-se-posiciona-no-congresso-nacional\/#primaryimage"},"image":{"@id":"https:\/\/abifa.org.br\/site\/desoneracao-da-folha-de-pagamento-para-a-fundicao-abifa-se-posiciona-no-congresso-nacional\/#primaryimage"},"thumbnailUrl":"https:\/\/abifa.org.br\/site\/wp-content\/uploads\/2023\/10\/espacamento_blog.jpg","datePublished":"2023-10-25T19:01:55+00:00","dateModified":"2023-10-26T17:31:04+00:00","breadcrumb":{"@id":"https:\/\/abifa.org.br\/site\/desoneracao-da-folha-de-pagamento-para-a-fundicao-abifa-se-posiciona-no-congresso-nacional\/#breadcrumb"},"inLanguage":"pt-BR","potentialAction":[{"@type":"ReadAction","target":["https:\/\/abifa.org.br\/site\/desoneracao-da-folha-de-pagamento-para-a-fundicao-abifa-se-posiciona-no-congresso-nacional\/"]}]},{"@type":"ImageObject","inLanguage":"pt-BR","@id":"https:\/\/abifa.org.br\/site\/desoneracao-da-folha-de-pagamento-para-a-fundicao-abifa-se-posiciona-no-congresso-nacional\/#primaryimage","url":"https:\/\/abifa.org.br\/site\/wp-content\/uploads\/2023\/10\/espacamento_blog.jpg","contentUrl":"https:\/\/abifa.org.br\/site\/wp-content\/uploads\/2023\/10\/espacamento_blog.jpg","width":600,"height":2},{"@type":"BreadcrumbList","@id":"https:\/\/abifa.org.br\/site\/desoneracao-da-folha-de-pagamento-para-a-fundicao-abifa-se-posiciona-no-congresso-nacional\/#breadcrumb","itemListElement":[{"@type":"ListItem","position":1,"name":"In\u00edcio","item":"https:\/\/abifa.org.br\/site\/"},{"@type":"ListItem","position":2,"name":"Desonera\u00e7\u00e3o da folha de pagamento para a fundi\u00e7\u00e3o \u2013 ABIFA se posiciona no Congresso Nacional"}]},{"@type":"WebSite","@id":"https:\/\/abifa.org.br\/site\/#website","url":"https:\/\/abifa.org.br\/site\/","name":"ABIFA","description":"","publisher":{"@id":"https:\/\/abifa.org.br\/site\/#organization"},"potentialAction":[{"@type":"SearchAction","target":{"@type":"EntryPoint","urlTemplate":"https:\/\/abifa.org.br\/site\/?s={search_term_string}"},"query-input":{"@type":"PropertyValueSpecification","valueRequired":true,"valueName":"search_term_string"}}],"inLanguage":"pt-BR"},{"@type":"Organization","@id":"https:\/\/abifa.org.br\/site\/#organization","name":"ABIFA","url":"https:\/\/abifa.org.br\/site\/","logo":{"@type":"ImageObject","inLanguage":"pt-BR","@id":"https:\/\/abifa.org.br\/site\/#\/schema\/logo\/image\/","url":"https:\/\/abifa.org.br\/site\/wp-content\/uploads\/2022\/11\/cropped-logo_abifa.png","contentUrl":"https:\/\/abifa.org.br\/site\/wp-content\/uploads\/2022\/11\/cropped-logo_abifa.png","width":250,"height":116,"caption":"ABIFA"},"image":{"@id":"https:\/\/abifa.org.br\/site\/#\/schema\/logo\/image\/"}},{"@type":"Person","@id":"https:\/\/abifa.org.br\/site\/#\/schema\/person\/7f5efb1b42ce680f4197d4088b88318c","name":"ABIFA","sameAs":["https:\/\/abifa.org.br\/site"],"url":"https:\/\/abifa.org.br\/site\/author\/adm_abifa_2022\/"}]}},"_links":{"self":[{"href":"https:\/\/abifa.org.br\/site\/wp-json\/wp\/v2\/posts\/14907","targetHints":{"allow":["GET"]}}],"collection":[{"href":"https:\/\/abifa.org.br\/site\/wp-json\/wp\/v2\/posts"}],"about":[{"href":"https:\/\/abifa.org.br\/site\/wp-json\/wp\/v2\/types\/post"}],"author":[{"embeddable":true,"href":"https:\/\/abifa.org.br\/site\/wp-json\/wp\/v2\/users\/1"}],"replies":[{"embeddable":true,"href":"https:\/\/abifa.org.br\/site\/wp-json\/wp\/v2\/comments?post=14907"}],"version-history":[{"count":0,"href":"https:\/\/abifa.org.br\/site\/wp-json\/wp\/v2\/posts\/14907\/revisions"}],"wp:featuredmedia":[{"embeddable":true,"href":"https:\/\/abifa.org.br\/site\/wp-json\/wp\/v2\/media\/14611"}],"wp:attachment":[{"href":"https:\/\/abifa.org.br\/site\/wp-json\/wp\/v2\/media?parent=14907"}],"wp:term":[{"taxonomy":"category","embeddable":true,"href":"https:\/\/abifa.org.br\/site\/wp-json\/wp\/v2\/categories?post=14907"},{"taxonomy":"post_tag","embeddable":true,"href":"https:\/\/abifa.org.br\/site\/wp-json\/wp\/v2\/tags?post=14907"}],"curies":[{"name":"wp","href":"https:\/\/api.w.org\/{rel}","templated":true}]}}