{"id":17473,"date":"2024-06-18T11:28:05","date_gmt":"2024-06-18T14:28:05","guid":{"rendered":"https:\/\/abifa.org.br\/site\/?p=17473"},"modified":"2024-06-18T11:28:05","modified_gmt":"2024-06-18T14:28:05","slug":"conaf-2024-palestra-magna-aborda-praticas-de-sustentabilidade-e-responsabilidade-corporativa-aplicadas-a-fundicao","status":"publish","type":"post","link":"https:\/\/abifa.org.br\/site\/conaf-2024-palestra-magna-aborda-praticas-de-sustentabilidade-e-responsabilidade-corporativa-aplicadas-a-fundicao\/","title":{"rendered":"CONAF 2024 &#8211; Palestra magna aborda pr\u00e1ticas de sustentabilidade e responsabilidade corporativa aplicadas \u00e0 fundi\u00e7\u00e3o"},"content":{"rendered":"\n<p>Cac\u00eddio Girardi, presidente da ABIFA, abriu a 20\u00aa edi\u00e7\u00e3o do CONAF \u2013 Congresso ABIFA de Fundi\u00e7\u00e3o lembrando a import\u00e2ncia das boas pr\u00e1ticas de mercado em todas as esferas da cadeia de fundi\u00e7\u00e3o, o que agrega produtividade e, por conseguinte, competitividade ao fundido nacional em n\u00edvel mundial.<\/p>\n\n\n\n<figure class=\"wp-block-image size-large\"><img fetchpriority=\"high\" decoding=\"async\" width=\"800\" height=\"250\" src=\"https:\/\/abifa.org.br\/site\/wp-content\/uploads\/2024\/06\/1-1-800x250.jpg\" alt=\"\" class=\"wp-image-17525\" srcset=\"https:\/\/abifa.org.br\/site\/wp-content\/uploads\/2024\/06\/1-1.jpg 800w, https:\/\/abifa.org.br\/site\/wp-content\/uploads\/2024\/06\/1-1-768x240.jpg 768w\" sizes=\"(max-width: 800px) 100vw, 800px\" \/><\/figure>\n\n\n\n<figure class=\"wp-block-gallery has-nested-images columns-default is-cropped wp-block-gallery-1 is-layout-flex wp-block-gallery-is-layout-flex\">\n<figure class=\"wp-block-image size-large\"><img decoding=\"async\" width=\"800\" height=\"600\" data-id=\"17522\" src=\"https:\/\/abifa.org.br\/site\/wp-content\/uploads\/2024\/06\/2-800x600.jpg\" alt=\"\" class=\"wp-image-17522\" srcset=\"https:\/\/abifa.org.br\/site\/wp-content\/uploads\/2024\/06\/2.jpg 800w, https:\/\/abifa.org.br\/site\/wp-content\/uploads\/2024\/06\/2-768x576.jpg 768w\" sizes=\"(max-width: 800px) 100vw, 800px\" \/><\/figure>\n\n\n\n<figure class=\"wp-block-image size-large\"><img decoding=\"async\" width=\"800\" height=\"600\" data-id=\"17526\" src=\"https:\/\/abifa.org.br\/site\/wp-content\/uploads\/2024\/06\/3-1.jpg\" alt=\"\" class=\"wp-image-17526\" srcset=\"https:\/\/abifa.org.br\/site\/wp-content\/uploads\/2024\/06\/3-1.jpg 800w, https:\/\/abifa.org.br\/site\/wp-content\/uploads\/2024\/06\/3-1-300x225.jpg 300w, https:\/\/abifa.org.br\/site\/wp-content\/uploads\/2024\/06\/3-1-768x576.jpg 768w\" sizes=\"(max-width: 800px) 100vw, 800px\" \/><\/figure>\n<\/figure>\n\n\n\n<p>&#8220;Boas pr\u00e1ticas de sustentabilidade e responsabilidade corporativa: Perspectivas para o setor de fundi\u00e7\u00e3o&#8221; &#8211; Esse foi o tema da Palestra Magna ministrada por Pedro Lacava, CEO da Aishasolutions, que marcou a abertura da 20\u00aa edi\u00e7\u00e3o do CONAF \u2013 Congresso ABIFA de Fundi\u00e7\u00e3o, que acontece dias 18 a 21 de junho de 2024, no pavilh\u00e3o amarelo do Expo Center Norte.<\/p>\n\n\n\n<p>A programa\u00e7\u00e3o completa do Congresso est\u00e1 dispon\u00edvel em: <a href=\"https:\/\/abifa.org.br\/revista73\/#p=88\" title=\"\">https:\/\/abifa.org.br\/revista73\/#p=88<\/a><\/p>\n\n\n<div class=\"wp-block-image\">\n<figure class=\"aligncenter size-full\"><img loading=\"lazy\" decoding=\"async\" width=\"600\" height=\"113\" src=\"https:\/\/abifa.org.br\/site\/wp-content\/uploads\/2023\/10\/conaf.jpg\" alt=\"\" class=\"wp-image-13869\" srcset=\"https:\/\/abifa.org.br\/site\/wp-content\/uploads\/2023\/10\/conaf.jpg 600w, https:\/\/abifa.org.br\/site\/wp-content\/uploads\/2023\/10\/conaf-300x57.jpg 300w\" sizes=\"(max-width: 600px) 100vw, 600px\" \/><\/figure>\n<\/div>\n\n\n<p>O autor abriu o evento diferenciando os termos <strong>ESG<\/strong> e <strong>Sustentabilidade<\/strong>.<\/p>\n\n\n\n<p>Em suma, a sigla <strong>ESG<\/strong>, do ingl\u00eas Environmental, Social and Governance (Ambiental, Social e Governan\u00e7a) \u00e9, em seu parecer, o caminho para a promo\u00e7\u00e3o da <strong>Sustentabilidade<\/strong>, que seria o objetivo final.<\/p>\n\n\n<div class=\"wp-block-image\">\n<figure class=\"aligncenter size-full is-resized\"><img loading=\"lazy\" decoding=\"async\" width=\"773\" height=\"670\" src=\"https:\/\/abifa.org.br\/site\/wp-content\/uploads\/2024\/06\/Palestra-Magna-Foto-1.png\" alt=\"\" class=\"wp-image-17474\" style=\"width:270px;height:auto\" srcset=\"https:\/\/abifa.org.br\/site\/wp-content\/uploads\/2024\/06\/Palestra-Magna-Foto-1.png 773w, https:\/\/abifa.org.br\/site\/wp-content\/uploads\/2024\/06\/Palestra-Magna-Foto-1-300x260.png 300w, https:\/\/abifa.org.br\/site\/wp-content\/uploads\/2024\/06\/Palestra-Magna-Foto-1-768x666.png 768w\" sizes=\"(max-width: 773px) 100vw, 773px\" \/><\/figure>\n<\/div>\n\n\n<p>O ESG, aplicado por investidores, \u00e9 mensurado por meio de indicadores padronizados, enquanto a Sustentabilidade \u00e9 responsabilidade da sociedade, em car\u00e1ter amplo, sendo mensurada por m\u00e9tricas diversas.<\/p>\n\n\n\n<p><strong>Quais desafios teremos que enfrentar para um futuro respons\u00e1vel e equilibrado?<\/strong><\/p>\n\n\n\n<p>Certamente s\u00e3o muitos, a exemplo dos seguintes:<\/p>\n\n\n\n<ul class=\"wp-block-list\">\n<li>Dercarboniza\u00e7\u00e3o<\/li>\n\n\n\n<li>Transi\u00e7\u00e3o energ\u00e9tica<\/li>\n\n\n\n<li>Emiss\u00f5es de GEE<\/li>\n\n\n\n<li>Mercado regulado de carbono<\/li>\n\n\n\n<li>Efici\u00eancia operacional<\/li>\n\n\n\n<li>Efici\u00eancia el\u00e9trica<\/li>\n\n\n\n<li>CBAM<\/li>\n\n\n\n<li>Gest\u00e3o de \u00e1gua e res\u00edduos<\/li>\n\n\n\n<li>Ciclo de vida do produto<\/li>\n\n\n\n<li>Governan\u00e7a corporativa<\/li>\n\n\n\n<li>Compliance<\/li>\n\n\n\n<li>Pr\u00e1ticas de compras<\/li>\n\n\n\n<li>Sa\u00fade coletiva<\/li>\n\n\n\n<li>Rela\u00e7\u00f5es trabalhistas<\/li>\n\n\n\n<li>Bem-estar do cliente<\/li>\n\n\n\n<li>Diversidade<\/li>\n<\/ul>\n\n\n\n<p>Alguns destes temas foram explorados na sequ\u00eancia, quando se colocou que atender aos pilares ESG \u00e9 urgente por motivos diversos, citando-se alguns:<\/p>\n\n\n\n<ul class=\"wp-block-list\">\n<li>Regulamenta\u00e7\u00f5es e acordos globais impactar\u00e3o a estrutura de custos, for\u00e7ando a busca por alternativas disruptivas para a sobreviv\u00eancia empresarial saud\u00e1vel.<\/li>\n\n\n\n<li>Impactos na cadeia de valor dos grandes setores (automotivo, minera\u00e7\u00e3o, constru\u00e7\u00e3o civil e energia), para redu\u00e7\u00e3o de emiss\u00f5es.<\/li>\n\n\n\n<li>Press\u00f5es do mercado e investidores que exigem minimiza\u00e7\u00e3o de riscos ESG, gerando dificuldades na capta\u00e7\u00e3o de recursos.<\/li>\n\n\n\n<li>Exig\u00eancias de transpar\u00eancia e responsabilidade em toda a cadeia de valor para a redu\u00e7\u00e3o dos danos para a reputa\u00e7\u00e3o e imagem.<\/li>\n\n\n\n<li>Efeitos das mudan\u00e7as clim\u00e1ticas impactam opera\u00e7\u00f5es e log\u00edsticas, gerando exig\u00eancias de previsibilidade nos balan\u00e7os financeiros das empresas.<\/li>\n\n\n\n<li>Mercados regulados e taxa\u00e7\u00e3o de carbono entre fronteiras impor\u00e3o custos adicionais \u00e0s exporta\u00e7\u00f5es, afetando a competitividade e margens de lucro.<\/li>\n<\/ul>\n\n\n\n<p><strong>Os custos disso?<\/strong><\/p>\n\n\n\n<p>Segundo Pedro Lacava, \u201cos mais vulner\u00e1veis em aporte financeiro s\u00e3o os que usufruir\u00e3o do capital de terceiros aplicando o ESG\u201d.<\/p>\n\n\n<div class=\"wp-block-image\">\n<figure class=\"aligncenter size-large is-resized\"><img loading=\"lazy\" decoding=\"async\" width=\"1024\" height=\"508\" src=\"https:\/\/abifa.org.br\/site\/wp-content\/uploads\/2024\/06\/Foto-2-1024x508.png\" alt=\"\" class=\"wp-image-17475\" style=\"width:532px;height:auto\" srcset=\"https:\/\/abifa.org.br\/site\/wp-content\/uploads\/2024\/06\/Foto-2-1024x508.png 1024w, https:\/\/abifa.org.br\/site\/wp-content\/uploads\/2024\/06\/Foto-2-300x149.png 300w, https:\/\/abifa.org.br\/site\/wp-content\/uploads\/2024\/06\/Foto-2-768x381.png 768w, https:\/\/abifa.org.br\/site\/wp-content\/uploads\/2024\/06\/Foto-2-1536x762.png 1536w, https:\/\/abifa.org.br\/site\/wp-content\/uploads\/2024\/06\/Foto-2-2048x1016.png 2048w\" sizes=\"(max-width: 1024px) 100vw, 1024px\" \/><\/figure>\n<\/div>\n\n\n<p><strong>Como aplicar o ESG na minha fundi\u00e7\u00e3o?<\/strong><\/p>\n\n\n\n<p>Neste sentido, dois pontos devem ser considerados, de acordo com Lacava: o foco na materialidade e o relato de sustentabilidade.<\/p>\n\n\n\n<p>O objetivo \u00e9 identificar, mitigar e gerir os riscos ESG, comunicando impactos aos stakeholders e mantendo a estrat\u00e9gia corporativa alinhada aos padr\u00f5es e tend\u00eancias globais.<\/p>\n\n\n\n<p><strong>Perspectivas dos principais impactos materiais em ESG para as fundi\u00e7\u00f5es<\/strong><\/p>\n\n\n\n<p><strong>Meio Ambiente<\/strong><\/p>\n\n\n\n<ul class=\"wp-block-list\">\n<li>Mensurar as emiss\u00f5es de GEE (Ex: Invent\u00e1rio de carbono, emiss\u00f5es diretas e indiretas, metas de redu\u00e7\u00e3o)<\/li>\n\n\n\n<li>Energia (Ex: Identifica\u00e7\u00e3o de perdas na rede, registro e controle do consumo de energia em todo o sistema, estrat\u00e9gias para fontes renov\u00e1veis e efici\u00eancia energ\u00e9tica)<\/li>\n\n\n\n<li>\u00c1guas e efluentes<\/li>\n\n\n\n<li>Res\u00edduos<\/li>\n\n\n\n<li>Gest\u00e3o ambiental<\/li>\n\n\n\n<li>Avalia\u00e7\u00e3o ambiental dos fornecedores<\/li>\n<\/ul>\n\n\n\n<p><strong>Governan\u00e7a<\/strong><\/p>\n\n\n\n<ul class=\"wp-block-list\">\n<li>Estrutura\/miss\u00e3o\/atribui\u00e7\u00f5es do conselho de administra\u00e7\u00e3o\/alta administra\u00e7\u00e3o<\/li>\n\n\n\n<li>Gest\u00e3o organizacional<\/li>\n\n\n\n<li>Gest\u00e3o de Impactos&nbsp;<\/li>\n\n\n\n<li>Compliance<\/li>\n\n\n\n<li>Pr\u00e1ticas de compras<\/li>\n\n\n\n<li>Desempenho e estrat\u00e9gia econ\u00f4mica<\/li>\n\n\n\n<li>Tributos<\/li>\n<\/ul>\n\n\n\n<p><strong>Social<\/strong><\/p>\n\n\n\n<ul class=\"wp-block-list\">\n<li>Sa\u00fade e seguran\u00e7a do trabalho<\/li>\n\n\n\n<li>Capacita\u00e7\u00e3o e educa\u00e7\u00e3o<\/li>\n\n\n\n<li>Diversidade e igualdade de oportunidades<\/li>\n\n\n\n<li>Privacidade e bem-estar do cliente<\/li>\n\n\n\n<li>Investimento social privado e cidadania corporativa<\/li>\n\n\n\n<li>Qualidade e seguran\u00e7a do produto<\/li>\n<\/ul>\n\n\n\n<p>Para informa\u00e7\u00f5es adicionais sobre o tema, o contato do autor \u00e9: pedrolacava@aishasolutions.com.br<\/p>\n\n\n\n<figure class=\"wp-block-gallery has-nested-images columns-default is-cropped wp-block-gallery-2 is-layout-flex wp-block-gallery-is-layout-flex\">\n<figure class=\"wp-block-image size-large\"><img loading=\"lazy\" decoding=\"async\" width=\"800\" height=\"600\" data-id=\"17528\" src=\"https:\/\/abifa.org.br\/site\/wp-content\/uploads\/2024\/06\/WhatsApp-Image-2024-06-18-at-08.45.14-800x600.jpg\" alt=\"\" class=\"wp-image-17528\" srcset=\"https:\/\/abifa.org.br\/site\/wp-content\/uploads\/2024\/06\/WhatsApp-Image-2024-06-18-at-08.45.14.jpg 800w, https:\/\/abifa.org.br\/site\/wp-content\/uploads\/2024\/06\/WhatsApp-Image-2024-06-18-at-08.45.14-768x576.jpg 768w\" sizes=\"(max-width: 800px) 100vw, 800px\" \/><\/figure>\n\n\n\n<figure class=\"wp-block-image size-large\"><img loading=\"lazy\" decoding=\"async\" width=\"800\" height=\"600\" data-id=\"17533\" src=\"https:\/\/abifa.org.br\/site\/wp-content\/uploads\/2024\/06\/WhatsApp-Image-2024-06-18-at-08.59.42-800x600.jpg\" alt=\"\" class=\"wp-image-17533\" srcset=\"https:\/\/abifa.org.br\/site\/wp-content\/uploads\/2024\/06\/WhatsApp-Image-2024-06-18-at-08.59.42.jpg 800w, https:\/\/abifa.org.br\/site\/wp-content\/uploads\/2024\/06\/WhatsApp-Image-2024-06-18-at-08.59.42-768x576.jpg 768w\" sizes=\"(max-width: 800px) 100vw, 800px\" \/><\/figure>\n\n\n\n<figure class=\"wp-block-image size-large\"><img loading=\"lazy\" decoding=\"async\" width=\"800\" height=\"450\" data-id=\"17529\" src=\"https:\/\/abifa.org.br\/site\/wp-content\/uploads\/2024\/06\/WhatsApp-Image-2024-06-18-at-09.03.08-800x450.jpg\" alt=\"\" class=\"wp-image-17529\" srcset=\"https:\/\/abifa.org.br\/site\/wp-content\/uploads\/2024\/06\/WhatsApp-Image-2024-06-18-at-09.03.08.jpg 800w, https:\/\/abifa.org.br\/site\/wp-content\/uploads\/2024\/06\/WhatsApp-Image-2024-06-18-at-09.03.08-768x432.jpg 768w\" sizes=\"(max-width: 800px) 100vw, 800px\" \/><\/figure>\n\n\n\n<figure class=\"wp-block-image size-large\"><img loading=\"lazy\" decoding=\"async\" width=\"800\" height=\"600\" data-id=\"17531\" src=\"https:\/\/abifa.org.br\/site\/wp-content\/uploads\/2024\/06\/cbd13375-ee5e-4567-be2c-fba64b331d6d-800x600.jpg\" alt=\"\" class=\"wp-image-17531\" srcset=\"https:\/\/abifa.org.br\/site\/wp-content\/uploads\/2024\/06\/cbd13375-ee5e-4567-be2c-fba64b331d6d.jpg 800w, https:\/\/abifa.org.br\/site\/wp-content\/uploads\/2024\/06\/cbd13375-ee5e-4567-be2c-fba64b331d6d-768x576.jpg 768w\" sizes=\"(max-width: 800px) 100vw, 800px\" \/><\/figure>\n\n\n\n<figure class=\"wp-block-image size-large\"><img loading=\"lazy\" decoding=\"async\" width=\"800\" height=\"600\" data-id=\"17530\" src=\"https:\/\/abifa.org.br\/site\/wp-content\/uploads\/2024\/06\/514aaea5-4308-4645-b2a0-105c0db2ada5-800x600.jpg\" alt=\"\" class=\"wp-image-17530\" srcset=\"https:\/\/abifa.org.br\/site\/wp-content\/uploads\/2024\/06\/514aaea5-4308-4645-b2a0-105c0db2ada5.jpg 800w, https:\/\/abifa.org.br\/site\/wp-content\/uploads\/2024\/06\/514aaea5-4308-4645-b2a0-105c0db2ada5-768x576.jpg 768w\" sizes=\"(max-width: 800px) 100vw, 800px\" \/><\/figure>\n\n\n\n<figure class=\"wp-block-image size-large\"><img loading=\"lazy\" decoding=\"async\" width=\"1024\" height=\"1024\" data-id=\"17532\" src=\"https:\/\/abifa.org.br\/site\/wp-content\/uploads\/2024\/06\/WhatsApp-Image-2024-06-18-at-09.03.08-1024x1024.jpeg\" alt=\"\" class=\"wp-image-17532\" srcset=\"https:\/\/abifa.org.br\/site\/wp-content\/uploads\/2024\/06\/WhatsApp-Image-2024-06-18-at-09.03.08-1024x1024.jpeg 1024w, https:\/\/abifa.org.br\/site\/wp-content\/uploads\/2024\/06\/WhatsApp-Image-2024-06-18-at-09.03.08-300x300.jpeg 300w, https:\/\/abifa.org.br\/site\/wp-content\/uploads\/2024\/06\/WhatsApp-Image-2024-06-18-at-09.03.08-150x150.jpeg 150w, https:\/\/abifa.org.br\/site\/wp-content\/uploads\/2024\/06\/WhatsApp-Image-2024-06-18-at-09.03.08-1536x1536.jpeg 1536w\" sizes=\"(max-width: 1024px) 100vw, 1024px\" \/><\/figure>\n<\/figure>\n\n\n\n<figure class=\"wp-block-image size-large\"><img loading=\"lazy\" decoding=\"async\" width=\"800\" height=\"1067\" src=\"https:\/\/abifa.org.br\/site\/wp-content\/uploads\/2024\/06\/Ultima-800x1067.jpg\" alt=\"\" class=\"wp-image-17535\" srcset=\"https:\/\/abifa.org.br\/site\/wp-content\/uploads\/2024\/06\/Ultima.jpg 800w, https:\/\/abifa.org.br\/site\/wp-content\/uploads\/2024\/06\/Ultima-768x1024.jpg 768w\" sizes=\"(max-width: 800px) 100vw, 800px\" \/><\/figure>\n","protected":false},"excerpt":{"rendered":"<p>CONAF 2024 &#8211; Palestra Magna<\/p>\n<p> <a class=\"more-link\" href=\"https:\/\/abifa.org.br\/site\/conaf-2024-palestra-magna-aborda-praticas-de-sustentabilidade-e-responsabilidade-corporativa-aplicadas-a-fundicao\/\">Leia mais<\/a><\/p>","protected":false},"author":1,"featured_media":16843,"comment_status":"open","ping_status":"open","sticky":false,"template":"","format":"standard","meta":{"_acf_changed":false,"om_disable_all_campaigns":false,"_uf_show_specific_survey":0,"_uf_disable_surveys":false,"footnotes":""},"categories":[48,50,34,36],"tags":[],"class_list":{"0":"post-17473","1":"post","2":"type-post","3":"status-publish","4":"format-standard","5":"has-post-thumbnail","7":"category-abifa","8":"category-conaf","9":"category-eventos","10":"category-fenaf"},"acf":[],"yoast_head":"<!-- This site is optimized with the Yoast SEO Premium plugin v26.1 (Yoast SEO v26.1) - https:\/\/yoast.com\/wordpress\/plugins\/seo\/ -->\n<title>CONAF 2024 - Palestra magna aborda pr\u00e1ticas de sustentabilidade e responsabilidade corporativa aplicadas \u00e0 fundi\u00e7\u00e3o - ABIFA<\/title>\n<meta name=\"robots\" content=\"index, follow, max-snippet:-1, max-image-preview:large, max-video-preview:-1\" \/>\n<link rel=\"canonical\" href=\"https:\/\/abifa.org.br\/site\/conaf-2024-palestra-magna-aborda-praticas-de-sustentabilidade-e-responsabilidade-corporativa-aplicadas-a-fundicao\/\" \/>\n<meta property=\"og:locale\" content=\"pt_BR\" \/>\n<meta property=\"og:type\" content=\"article\" \/>\n<meta property=\"og:title\" content=\"CONAF 2024 - Palestra magna aborda pr\u00e1ticas de sustentabilidade e responsabilidade corporativa aplicadas \u00e0 fundi\u00e7\u00e3o\" \/>\n<meta property=\"og:description\" content=\"CONAF 2024 - Palestra Magna\" \/>\n<meta property=\"og:url\" content=\"https:\/\/abifa.org.br\/site\/conaf-2024-palestra-magna-aborda-praticas-de-sustentabilidade-e-responsabilidade-corporativa-aplicadas-a-fundicao\/\" \/>\n<meta property=\"og:site_name\" content=\"ABIFA\" \/>\n<meta property=\"article:published_time\" content=\"2024-06-18T14:28:05+00:00\" \/>\n<meta property=\"og:image\" content=\"https:\/\/abifa.org.br\/site\/wp-content\/uploads\/2024\/04\/Imagem-Destacada-Wordpress.jpg\" \/>\n\t<meta property=\"og:image:width\" content=\"600\" \/>\n\t<meta property=\"og:image:height\" content=\"2\" \/>\n\t<meta property=\"og:image:type\" content=\"image\/jpeg\" \/>\n<meta name=\"author\" content=\"ABIFA\" \/>\n<meta name=\"twitter:card\" content=\"summary_large_image\" \/>\n<meta name=\"twitter:label1\" content=\"Escrito por\" \/>\n\t<meta name=\"twitter:data1\" content=\"ABIFA\" \/>\n\t<meta name=\"twitter:label2\" content=\"Est. tempo de leitura\" \/>\n\t<meta name=\"twitter:data2\" content=\"3 minutos\" \/>\n<script type=\"application\/ld+json\" class=\"yoast-schema-graph\">{\"@context\":\"https:\/\/schema.org\",\"@graph\":[{\"@type\":\"Article\",\"@id\":\"https:\/\/abifa.org.br\/site\/conaf-2024-palestra-magna-aborda-praticas-de-sustentabilidade-e-responsabilidade-corporativa-aplicadas-a-fundicao\/#article\",\"isPartOf\":{\"@id\":\"https:\/\/abifa.org.br\/site\/conaf-2024-palestra-magna-aborda-praticas-de-sustentabilidade-e-responsabilidade-corporativa-aplicadas-a-fundicao\/\"},\"author\":{\"name\":\"ABIFA\",\"@id\":\"https:\/\/abifa.org.br\/site\/#\/schema\/person\/7f5efb1b42ce680f4197d4088b88318c\"},\"headline\":\"CONAF 2024 &#8211; Palestra magna aborda pr\u00e1ticas de sustentabilidade e responsabilidade corporativa aplicadas \u00e0 fundi\u00e7\u00e3o\",\"datePublished\":\"2024-06-18T14:28:05+00:00\",\"mainEntityOfPage\":{\"@id\":\"https:\/\/abifa.org.br\/site\/conaf-2024-palestra-magna-aborda-praticas-de-sustentabilidade-e-responsabilidade-corporativa-aplicadas-a-fundicao\/\"},\"wordCount\":686,\"commentCount\":0,\"publisher\":{\"@id\":\"https:\/\/abifa.org.br\/site\/#organization\"},\"image\":{\"@id\":\"https:\/\/abifa.org.br\/site\/conaf-2024-palestra-magna-aborda-praticas-de-sustentabilidade-e-responsabilidade-corporativa-aplicadas-a-fundicao\/#primaryimage\"},\"thumbnailUrl\":\"https:\/\/abifa.org.br\/site\/wp-content\/uploads\/2024\/04\/Imagem-Destacada-Wordpress.jpg\",\"articleSection\":[\"ABIFA\",\"CONAF\",\"Eventos\",\"FENAF\"],\"inLanguage\":\"pt-BR\",\"potentialAction\":[{\"@type\":\"CommentAction\",\"name\":\"Comment\",\"target\":[\"https:\/\/abifa.org.br\/site\/conaf-2024-palestra-magna-aborda-praticas-de-sustentabilidade-e-responsabilidade-corporativa-aplicadas-a-fundicao\/#respond\"]}]},{\"@type\":\"WebPage\",\"@id\":\"https:\/\/abifa.org.br\/site\/conaf-2024-palestra-magna-aborda-praticas-de-sustentabilidade-e-responsabilidade-corporativa-aplicadas-a-fundicao\/\",\"url\":\"https:\/\/abifa.org.br\/site\/conaf-2024-palestra-magna-aborda-praticas-de-sustentabilidade-e-responsabilidade-corporativa-aplicadas-a-fundicao\/\",\"name\":\"CONAF 2024 - Palestra magna aborda pr\u00e1ticas de sustentabilidade e responsabilidade corporativa aplicadas \u00e0 fundi\u00e7\u00e3o - ABIFA\",\"isPartOf\":{\"@id\":\"https:\/\/abifa.org.br\/site\/#website\"},\"primaryImageOfPage\":{\"@id\":\"https:\/\/abifa.org.br\/site\/conaf-2024-palestra-magna-aborda-praticas-de-sustentabilidade-e-responsabilidade-corporativa-aplicadas-a-fundicao\/#primaryimage\"},\"image\":{\"@id\":\"https:\/\/abifa.org.br\/site\/conaf-2024-palestra-magna-aborda-praticas-de-sustentabilidade-e-responsabilidade-corporativa-aplicadas-a-fundicao\/#primaryimage\"},\"thumbnailUrl\":\"https:\/\/abifa.org.br\/site\/wp-content\/uploads\/2024\/04\/Imagem-Destacada-Wordpress.jpg\",\"datePublished\":\"2024-06-18T14:28:05+00:00\",\"breadcrumb\":{\"@id\":\"https:\/\/abifa.org.br\/site\/conaf-2024-palestra-magna-aborda-praticas-de-sustentabilidade-e-responsabilidade-corporativa-aplicadas-a-fundicao\/#breadcrumb\"},\"inLanguage\":\"pt-BR\",\"potentialAction\":[{\"@type\":\"ReadAction\",\"target\":[\"https:\/\/abifa.org.br\/site\/conaf-2024-palestra-magna-aborda-praticas-de-sustentabilidade-e-responsabilidade-corporativa-aplicadas-a-fundicao\/\"]}]},{\"@type\":\"ImageObject\",\"inLanguage\":\"pt-BR\",\"@id\":\"https:\/\/abifa.org.br\/site\/conaf-2024-palestra-magna-aborda-praticas-de-sustentabilidade-e-responsabilidade-corporativa-aplicadas-a-fundicao\/#primaryimage\",\"url\":\"https:\/\/abifa.org.br\/site\/wp-content\/uploads\/2024\/04\/Imagem-Destacada-Wordpress.jpg\",\"contentUrl\":\"https:\/\/abifa.org.br\/site\/wp-content\/uploads\/2024\/04\/Imagem-Destacada-Wordpress.jpg\",\"width\":600,\"height\":2},{\"@type\":\"BreadcrumbList\",\"@id\":\"https:\/\/abifa.org.br\/site\/conaf-2024-palestra-magna-aborda-praticas-de-sustentabilidade-e-responsabilidade-corporativa-aplicadas-a-fundicao\/#breadcrumb\",\"itemListElement\":[{\"@type\":\"ListItem\",\"position\":1,\"name\":\"In\u00edcio\",\"item\":\"https:\/\/abifa.org.br\/site\/\"},{\"@type\":\"ListItem\",\"position\":2,\"name\":\"CONAF 2024 &#8211; Palestra magna aborda pr\u00e1ticas de sustentabilidade e responsabilidade corporativa aplicadas \u00e0 fundi\u00e7\u00e3o\"}]},{\"@type\":\"WebSite\",\"@id\":\"https:\/\/abifa.org.br\/site\/#website\",\"url\":\"https:\/\/abifa.org.br\/site\/\",\"name\":\"ABIFA\",\"description\":\"\",\"publisher\":{\"@id\":\"https:\/\/abifa.org.br\/site\/#organization\"},\"potentialAction\":[{\"@type\":\"SearchAction\",\"target\":{\"@type\":\"EntryPoint\",\"urlTemplate\":\"https:\/\/abifa.org.br\/site\/?s={search_term_string}\"},\"query-input\":{\"@type\":\"PropertyValueSpecification\",\"valueRequired\":true,\"valueName\":\"search_term_string\"}}],\"inLanguage\":\"pt-BR\"},{\"@type\":\"Organization\",\"@id\":\"https:\/\/abifa.org.br\/site\/#organization\",\"name\":\"ABIFA\",\"url\":\"https:\/\/abifa.org.br\/site\/\",\"logo\":{\"@type\":\"ImageObject\",\"inLanguage\":\"pt-BR\",\"@id\":\"https:\/\/abifa.org.br\/site\/#\/schema\/logo\/image\/\",\"url\":\"https:\/\/abifa.org.br\/site\/wp-content\/uploads\/2022\/11\/cropped-logo_abifa.png\",\"contentUrl\":\"https:\/\/abifa.org.br\/site\/wp-content\/uploads\/2022\/11\/cropped-logo_abifa.png\",\"width\":250,\"height\":116,\"caption\":\"ABIFA\"},\"image\":{\"@id\":\"https:\/\/abifa.org.br\/site\/#\/schema\/logo\/image\/\"}},{\"@type\":\"Person\",\"@id\":\"https:\/\/abifa.org.br\/site\/#\/schema\/person\/7f5efb1b42ce680f4197d4088b88318c\",\"name\":\"ABIFA\",\"sameAs\":[\"https:\/\/abifa.org.br\/site\"],\"url\":\"https:\/\/abifa.org.br\/site\/author\/adm_abifa_2022\/\"}]}<\/script>\n<!-- \/ Yoast SEO Premium plugin. -->","yoast_head_json":{"title":"CONAF 2024 - Palestra magna aborda pr\u00e1ticas de sustentabilidade e responsabilidade corporativa aplicadas \u00e0 fundi\u00e7\u00e3o - ABIFA","robots":{"index":"index","follow":"follow","max-snippet":"max-snippet:-1","max-image-preview":"max-image-preview:large","max-video-preview":"max-video-preview:-1"},"canonical":"https:\/\/abifa.org.br\/site\/conaf-2024-palestra-magna-aborda-praticas-de-sustentabilidade-e-responsabilidade-corporativa-aplicadas-a-fundicao\/","og_locale":"pt_BR","og_type":"article","og_title":"CONAF 2024 - Palestra magna aborda pr\u00e1ticas de sustentabilidade e responsabilidade corporativa aplicadas \u00e0 fundi\u00e7\u00e3o","og_description":"CONAF 2024 - Palestra Magna","og_url":"https:\/\/abifa.org.br\/site\/conaf-2024-palestra-magna-aborda-praticas-de-sustentabilidade-e-responsabilidade-corporativa-aplicadas-a-fundicao\/","og_site_name":"ABIFA","article_published_time":"2024-06-18T14:28:05+00:00","og_image":[{"width":600,"height":2,"url":"https:\/\/abifa.org.br\/site\/wp-content\/uploads\/2024\/04\/Imagem-Destacada-Wordpress.jpg","type":"image\/jpeg"}],"author":"ABIFA","twitter_card":"summary_large_image","twitter_misc":{"Escrito por":"ABIFA","Est. tempo de leitura":"3 minutos"},"schema":{"@context":"https:\/\/schema.org","@graph":[{"@type":"Article","@id":"https:\/\/abifa.org.br\/site\/conaf-2024-palestra-magna-aborda-praticas-de-sustentabilidade-e-responsabilidade-corporativa-aplicadas-a-fundicao\/#article","isPartOf":{"@id":"https:\/\/abifa.org.br\/site\/conaf-2024-palestra-magna-aborda-praticas-de-sustentabilidade-e-responsabilidade-corporativa-aplicadas-a-fundicao\/"},"author":{"name":"ABIFA","@id":"https:\/\/abifa.org.br\/site\/#\/schema\/person\/7f5efb1b42ce680f4197d4088b88318c"},"headline":"CONAF 2024 &#8211; Palestra magna aborda pr\u00e1ticas de sustentabilidade e responsabilidade corporativa aplicadas \u00e0 fundi\u00e7\u00e3o","datePublished":"2024-06-18T14:28:05+00:00","mainEntityOfPage":{"@id":"https:\/\/abifa.org.br\/site\/conaf-2024-palestra-magna-aborda-praticas-de-sustentabilidade-e-responsabilidade-corporativa-aplicadas-a-fundicao\/"},"wordCount":686,"commentCount":0,"publisher":{"@id":"https:\/\/abifa.org.br\/site\/#organization"},"image":{"@id":"https:\/\/abifa.org.br\/site\/conaf-2024-palestra-magna-aborda-praticas-de-sustentabilidade-e-responsabilidade-corporativa-aplicadas-a-fundicao\/#primaryimage"},"thumbnailUrl":"https:\/\/abifa.org.br\/site\/wp-content\/uploads\/2024\/04\/Imagem-Destacada-Wordpress.jpg","articleSection":["ABIFA","CONAF","Eventos","FENAF"],"inLanguage":"pt-BR","potentialAction":[{"@type":"CommentAction","name":"Comment","target":["https:\/\/abifa.org.br\/site\/conaf-2024-palestra-magna-aborda-praticas-de-sustentabilidade-e-responsabilidade-corporativa-aplicadas-a-fundicao\/#respond"]}]},{"@type":"WebPage","@id":"https:\/\/abifa.org.br\/site\/conaf-2024-palestra-magna-aborda-praticas-de-sustentabilidade-e-responsabilidade-corporativa-aplicadas-a-fundicao\/","url":"https:\/\/abifa.org.br\/site\/conaf-2024-palestra-magna-aborda-praticas-de-sustentabilidade-e-responsabilidade-corporativa-aplicadas-a-fundicao\/","name":"CONAF 2024 - Palestra magna aborda pr\u00e1ticas de sustentabilidade e responsabilidade corporativa aplicadas \u00e0 fundi\u00e7\u00e3o - ABIFA","isPartOf":{"@id":"https:\/\/abifa.org.br\/site\/#website"},"primaryImageOfPage":{"@id":"https:\/\/abifa.org.br\/site\/conaf-2024-palestra-magna-aborda-praticas-de-sustentabilidade-e-responsabilidade-corporativa-aplicadas-a-fundicao\/#primaryimage"},"image":{"@id":"https:\/\/abifa.org.br\/site\/conaf-2024-palestra-magna-aborda-praticas-de-sustentabilidade-e-responsabilidade-corporativa-aplicadas-a-fundicao\/#primaryimage"},"thumbnailUrl":"https:\/\/abifa.org.br\/site\/wp-content\/uploads\/2024\/04\/Imagem-Destacada-Wordpress.jpg","datePublished":"2024-06-18T14:28:05+00:00","breadcrumb":{"@id":"https:\/\/abifa.org.br\/site\/conaf-2024-palestra-magna-aborda-praticas-de-sustentabilidade-e-responsabilidade-corporativa-aplicadas-a-fundicao\/#breadcrumb"},"inLanguage":"pt-BR","potentialAction":[{"@type":"ReadAction","target":["https:\/\/abifa.org.br\/site\/conaf-2024-palestra-magna-aborda-praticas-de-sustentabilidade-e-responsabilidade-corporativa-aplicadas-a-fundicao\/"]}]},{"@type":"ImageObject","inLanguage":"pt-BR","@id":"https:\/\/abifa.org.br\/site\/conaf-2024-palestra-magna-aborda-praticas-de-sustentabilidade-e-responsabilidade-corporativa-aplicadas-a-fundicao\/#primaryimage","url":"https:\/\/abifa.org.br\/site\/wp-content\/uploads\/2024\/04\/Imagem-Destacada-Wordpress.jpg","contentUrl":"https:\/\/abifa.org.br\/site\/wp-content\/uploads\/2024\/04\/Imagem-Destacada-Wordpress.jpg","width":600,"height":2},{"@type":"BreadcrumbList","@id":"https:\/\/abifa.org.br\/site\/conaf-2024-palestra-magna-aborda-praticas-de-sustentabilidade-e-responsabilidade-corporativa-aplicadas-a-fundicao\/#breadcrumb","itemListElement":[{"@type":"ListItem","position":1,"name":"In\u00edcio","item":"https:\/\/abifa.org.br\/site\/"},{"@type":"ListItem","position":2,"name":"CONAF 2024 &#8211; Palestra magna aborda pr\u00e1ticas de sustentabilidade e responsabilidade corporativa aplicadas \u00e0 fundi\u00e7\u00e3o"}]},{"@type":"WebSite","@id":"https:\/\/abifa.org.br\/site\/#website","url":"https:\/\/abifa.org.br\/site\/","name":"ABIFA","description":"","publisher":{"@id":"https:\/\/abifa.org.br\/site\/#organization"},"potentialAction":[{"@type":"SearchAction","target":{"@type":"EntryPoint","urlTemplate":"https:\/\/abifa.org.br\/site\/?s={search_term_string}"},"query-input":{"@type":"PropertyValueSpecification","valueRequired":true,"valueName":"search_term_string"}}],"inLanguage":"pt-BR"},{"@type":"Organization","@id":"https:\/\/abifa.org.br\/site\/#organization","name":"ABIFA","url":"https:\/\/abifa.org.br\/site\/","logo":{"@type":"ImageObject","inLanguage":"pt-BR","@id":"https:\/\/abifa.org.br\/site\/#\/schema\/logo\/image\/","url":"https:\/\/abifa.org.br\/site\/wp-content\/uploads\/2022\/11\/cropped-logo_abifa.png","contentUrl":"https:\/\/abifa.org.br\/site\/wp-content\/uploads\/2022\/11\/cropped-logo_abifa.png","width":250,"height":116,"caption":"ABIFA"},"image":{"@id":"https:\/\/abifa.org.br\/site\/#\/schema\/logo\/image\/"}},{"@type":"Person","@id":"https:\/\/abifa.org.br\/site\/#\/schema\/person\/7f5efb1b42ce680f4197d4088b88318c","name":"ABIFA","sameAs":["https:\/\/abifa.org.br\/site"],"url":"https:\/\/abifa.org.br\/site\/author\/adm_abifa_2022\/"}]}},"_links":{"self":[{"href":"https:\/\/abifa.org.br\/site\/wp-json\/wp\/v2\/posts\/17473","targetHints":{"allow":["GET"]}}],"collection":[{"href":"https:\/\/abifa.org.br\/site\/wp-json\/wp\/v2\/posts"}],"about":[{"href":"https:\/\/abifa.org.br\/site\/wp-json\/wp\/v2\/types\/post"}],"author":[{"embeddable":true,"href":"https:\/\/abifa.org.br\/site\/wp-json\/wp\/v2\/users\/1"}],"replies":[{"embeddable":true,"href":"https:\/\/abifa.org.br\/site\/wp-json\/wp\/v2\/comments?post=17473"}],"version-history":[{"count":0,"href":"https:\/\/abifa.org.br\/site\/wp-json\/wp\/v2\/posts\/17473\/revisions"}],"wp:featuredmedia":[{"embeddable":true,"href":"https:\/\/abifa.org.br\/site\/wp-json\/wp\/v2\/media\/16843"}],"wp:attachment":[{"href":"https:\/\/abifa.org.br\/site\/wp-json\/wp\/v2\/media?parent=17473"}],"wp:term":[{"taxonomy":"category","embeddable":true,"href":"https:\/\/abifa.org.br\/site\/wp-json\/wp\/v2\/categories?post=17473"},{"taxonomy":"post_tag","embeddable":true,"href":"https:\/\/abifa.org.br\/site\/wp-json\/wp\/v2\/tags?post=17473"}],"curies":[{"name":"wp","href":"https:\/\/api.w.org\/{rel}","templated":true}]}}