{"id":18265,"date":"2024-08-08T09:56:00","date_gmt":"2024-08-08T12:56:00","guid":{"rendered":"https:\/\/abifa.org.br\/site\/?p=18265"},"modified":"2024-07-31T18:41:09","modified_gmt":"2024-07-31T21:41:09","slug":"rhi-magnesita-lanca-e-book-sobre-acoes-de-esg","status":"publish","type":"post","link":"https:\/\/abifa.org.br\/site\/rhi-magnesita-lanca-e-book-sobre-acoes-de-esg\/","title":{"rendered":"RHI Magnesita lan\u00e7a e-book sobre a\u00e7\u00f5es de ESG"},"content":{"rendered":"\n<p>A fabricante de refrat\u00e1rios RHI Magnesita lan\u00e7ou o e-book \u201cConstruindo um futuro sustent\u00e1vel \u2013 Iniciativas de Sustentabilidade na Am\u00e9rica do Sul em 2023\u201d, que traz algumas a\u00e7\u00f5es ambientais, sociais e de governan\u00e7a (ESG) da multinacional, realizadas no ano passado.<\/p>\n\n\n\n<p>A empresa investe na economia circular e de carbono zero, al\u00e9m de estabelecer par\u00e2metros de compliance para garantir a integridade e conformidade com as normas.<\/p>\n\n\n\n<p>\u201cEstamos empenhados em sermos o principal parceiro dos nossos clientes em suas pr\u00f3prias jornadas de sustentabilidade. Acreditamos que uma alian\u00e7a sustent\u00e1vel \u00e9 o melhor caminho para um futuro de prosperidade econ\u00f4mica, respeitando o meio ambiente e impactando positivamente as comunidades\u201d, explica Wagner Sampaio, presidente da RHI Magnesita para a Am\u00e9rica do Sul. \u201cPara isso, acreditamos que os prop\u00f3sitos de ESG devem permear toda a cadeia, desde fornecedores at\u00e9 clientes, para que, juntos, possamos fornecer materiais b\u00e1sicos e essenciais para a vida moderna, de maneira sustent\u00e1vel\u201d.<\/p>\n\n\n\n<p>Como signat\u00e1ria do Pacto Global desde 2018, a RHI Magnesita est\u00e1 comprometida com os Objetivos de Desenvolvimento Sustent\u00e1vel (ODS) das Na\u00e7\u00f5es Unidas, demonstrando seu compromisso cont\u00ednuo com a responsabilidade ambiental e social em suas opera\u00e7\u00f5es.<\/p>\n\n\n\n<p>Entre as metas estabelecidas pela empresa para direcionar e otimizar os seus esfor\u00e7os at\u00e9 2025, destacam-se: reduzir em 15% as emiss\u00f5es de CO<sub>2<\/sub> por tonelada de produto (escopo 1, 2 e 3); diminuir em 5% o uso de energia por tonelada de produto; aumentar a utiliza\u00e7\u00e3o de mineral circular para 15%; e reduzir em 30% as emiss\u00f5es de \u00f3xido de nitrog\u00eanio (NOx) e \u00f3xido de enxofre (SOx) \u2013 meta j\u00e1 alcan\u00e7ada na China e na Am\u00e9rica do Norte. Para a Am\u00e9rica do Sul e Europa, a meta \u00e9 alcan\u00e7ar at\u00e9 2027.<\/p>\n\n\n\n<p>O fortalecimento de a\u00e7\u00f5es de seguran\u00e7a com meta de zero acidente e o aumento para 33% da presen\u00e7a feminina na lideran\u00e7a s\u00eanior tamb\u00e9m est\u00e3o na pauta.<\/p>\n\n\n\n<p><strong>Iniciativas ambientais<\/strong><\/p>\n\n\n\n<p>A RHI Magnesita est\u00e1 em uma jornada de descarboniza\u00e7\u00e3o.<\/p>\n\n\n\n<p>Em 2023, por exemplo, ela recolheu cerca de 30 mil toneladas de res\u00edduos de refrat\u00e1rios no Brasil, destinando-os para reaproveitamento. Essa quantidade evitou a emiss\u00e3o de mais de 46 mil toneladas de g\u00e1s carb\u00f4nico (CO<sub>2<\/sub>). Com esse desempenho, a empresa alcan\u00e7ou uma taxa de 11,3% de sua produ\u00e7\u00e3o na Am\u00e9rica do Sul utilizando materiais reciclados, em rela\u00e7\u00e3o ao consumo total de mat\u00e9rias-primas (Recycling Rate).<\/p>\n\n\n\n<p>Outras a\u00e7\u00f5es ambientais da multinacional compreendem a preserva\u00e7\u00e3o da fauna silvestre; educa\u00e7\u00e3o ambiental nas escolas; e inaugura\u00e7\u00e3o do 2\u00ba viveiro de mudas da companhia em On\u00e7a do Pitangui (MG), com capacidade de produzir 5 mil mudas do Cerrado e da Mata Atl\u00e2ntica por ano.<\/p>\n\n\n\n<p><strong>Social<\/strong><\/p>\n\n\n\n<p>Em 2023, a RHI Magnesita investiu mais de R$ 2 milh\u00f5es em 23 projetos sociais em nove territ\u00f3rios brasileiros, principalmente em Minas Gerais e na Bahia, beneficiando mais de 20 mil pessoas.<\/p>\n\n\n\n<p>\u201cEstamos investindo principalmente em projetos sociais voltados para a forma\u00e7\u00e3o, capacita\u00e7\u00e3o, gera\u00e7\u00e3o de renda, empoderamento feminino e economia circular. Nosso objetivo vai al\u00e9m de simplesmente ajudar as comunidades; queremos desenvolv\u00ea-las e contribuir para sua autonomia, visando uma transforma\u00e7\u00e3o real, que promova um futuro melhor para todos\u201d, afirma Juliana Morato, gerente de Comunica\u00e7\u00e3o e Rela\u00e7\u00f5es Institucionais.<\/p>\n\n\n\n<p>Em termos de Governan\u00e7a, a estrutura e as pr\u00e1ticas organizacionais da RHI Magnesita asseguram condutas e relacionamentos \u00edntegros, \u00e9ticos e transparentes. Ela est\u00e1 listada no principal mercado da Bolsa de Valores de Londres, atendendo aos seus padr\u00f5es de governan\u00e7a e regula\u00e7\u00e3o.<\/p>\n\n\n\n<p>Nesse sentido, a empresa investe em gest\u00e3o de riscos, auditorias internas e externas, investiga\u00e7\u00f5es e treinamentos de compliance, canais de den\u00fancias an\u00f4nimas, seguran\u00e7a da informa\u00e7\u00e3o, certifica\u00e7\u00f5es externas independentes, metas corporativas anuais e de sustentabilidade.<\/p>\n\n\n<div class=\"wp-block-image\">\n<figure class=\"aligncenter size-large is-resized\"><a href=\"https:\/\/www.rhimagnesita.com\/wp-content\/uploads\/2024\/06\/rhim-esg-sam-2023-pt.pdf\"><img fetchpriority=\"high\" decoding=\"async\" width=\"800\" height=\"1131\" src=\"https:\/\/abifa.org.br\/site\/wp-content\/uploads\/2024\/07\/Capa-E-book-Magnesita-800x1131.jpg\" alt=\"\" class=\"wp-image-18266\" style=\"width:303px;height:auto\" srcset=\"https:\/\/abifa.org.br\/site\/wp-content\/uploads\/2024\/07\/Capa-E-book-Magnesita.jpg 800w, https:\/\/abifa.org.br\/site\/wp-content\/uploads\/2024\/07\/Capa-E-book-Magnesita-768x1085.jpg 768w\" sizes=\"(max-width: 800px) 100vw, 800px\" \/><\/a><figcaption class=\"wp-element-caption\">Clique na imagem de capa do E-book e acesse o conte\u00fado na \u00edntegra.<\/figcaption><\/figure>\n<\/div>","protected":false},"excerpt":{"rendered":"<p>Associada ABIFA<\/p>\n<p> <a class=\"more-link\" href=\"https:\/\/abifa.org.br\/site\/rhi-magnesita-lanca-e-book-sobre-acoes-de-esg\/\">Leia mais<\/a><\/p>","protected":false},"author":1,"featured_media":18126,"comment_status":"open","ping_status":"open","sticky":false,"template":"","format":"standard","meta":{"_acf_changed":false,"om_disable_all_campaigns":false,"_uf_show_specific_survey":0,"_uf_disable_surveys":false,"footnotes":""},"categories":[48,42],"tags":[],"class_list":{"0":"post-18265","1":"post","2":"type-post","3":"status-publish","4":"format-standard","5":"has-post-thumbnail","7":"category-abifa","8":"category-associadas-noticias"},"acf":[],"yoast_head":"<!-- This site is optimized with the Yoast SEO Premium plugin v26.1 (Yoast SEO v26.1) - https:\/\/yoast.com\/wordpress\/plugins\/seo\/ -->\n<title>RHI Magnesita lan\u00e7a e-book sobre a\u00e7\u00f5es de ESG - ABIFA<\/title>\n<meta name=\"robots\" content=\"index, follow, max-snippet:-1, max-image-preview:large, max-video-preview:-1\" \/>\n<link rel=\"canonical\" href=\"https:\/\/abifa.org.br\/site\/rhi-magnesita-lanca-e-book-sobre-acoes-de-esg\/\" \/>\n<meta property=\"og:locale\" content=\"pt_BR\" \/>\n<meta property=\"og:type\" content=\"article\" \/>\n<meta property=\"og:title\" content=\"RHI Magnesita lan\u00e7a e-book sobre a\u00e7\u00f5es de ESG\" \/>\n<meta property=\"og:description\" content=\"Associada ABIFA\" \/>\n<meta property=\"og:url\" content=\"https:\/\/abifa.org.br\/site\/rhi-magnesita-lanca-e-book-sobre-acoes-de-esg\/\" \/>\n<meta property=\"og:site_name\" content=\"ABIFA\" \/>\n<meta property=\"article:published_time\" content=\"2024-08-08T12:56:00+00:00\" \/>\n<meta property=\"og:image\" content=\"https:\/\/abifa.org.br\/site\/wp-content\/uploads\/2024\/07\/Imagem-Destacada-Wordpress.jpg\" \/>\n\t<meta property=\"og:image:width\" content=\"600\" \/>\n\t<meta property=\"og:image:height\" content=\"2\" \/>\n\t<meta property=\"og:image:type\" content=\"image\/jpeg\" \/>\n<meta name=\"author\" content=\"ABIFA\" \/>\n<meta name=\"twitter:card\" content=\"summary_large_image\" \/>\n<meta name=\"twitter:label1\" content=\"Escrito por\" \/>\n\t<meta name=\"twitter:data1\" content=\"ABIFA\" \/>\n\t<meta name=\"twitter:label2\" content=\"Est. tempo de leitura\" \/>\n\t<meta name=\"twitter:data2\" content=\"3 minutos\" \/>\n<script type=\"application\/ld+json\" class=\"yoast-schema-graph\">{\"@context\":\"https:\/\/schema.org\",\"@graph\":[{\"@type\":\"Article\",\"@id\":\"https:\/\/abifa.org.br\/site\/rhi-magnesita-lanca-e-book-sobre-acoes-de-esg\/#article\",\"isPartOf\":{\"@id\":\"https:\/\/abifa.org.br\/site\/rhi-magnesita-lanca-e-book-sobre-acoes-de-esg\/\"},\"author\":{\"name\":\"ABIFA\",\"@id\":\"https:\/\/abifa.org.br\/site\/#\/schema\/person\/7f5efb1b42ce680f4197d4088b88318c\"},\"headline\":\"RHI Magnesita lan\u00e7a e-book sobre a\u00e7\u00f5es de ESG\",\"datePublished\":\"2024-08-08T12:56:00+00:00\",\"mainEntityOfPage\":{\"@id\":\"https:\/\/abifa.org.br\/site\/rhi-magnesita-lanca-e-book-sobre-acoes-de-esg\/\"},\"wordCount\":657,\"commentCount\":0,\"publisher\":{\"@id\":\"https:\/\/abifa.org.br\/site\/#organization\"},\"image\":{\"@id\":\"https:\/\/abifa.org.br\/site\/rhi-magnesita-lanca-e-book-sobre-acoes-de-esg\/#primaryimage\"},\"thumbnailUrl\":\"https:\/\/abifa.org.br\/site\/wp-content\/uploads\/2024\/07\/Imagem-Destacada-Wordpress.jpg\",\"articleSection\":[\"ABIFA\",\"Associadas - Not\u00edcias\"],\"inLanguage\":\"pt-BR\",\"potentialAction\":[{\"@type\":\"CommentAction\",\"name\":\"Comment\",\"target\":[\"https:\/\/abifa.org.br\/site\/rhi-magnesita-lanca-e-book-sobre-acoes-de-esg\/#respond\"]}]},{\"@type\":\"WebPage\",\"@id\":\"https:\/\/abifa.org.br\/site\/rhi-magnesita-lanca-e-book-sobre-acoes-de-esg\/\",\"url\":\"https:\/\/abifa.org.br\/site\/rhi-magnesita-lanca-e-book-sobre-acoes-de-esg\/\",\"name\":\"RHI Magnesita lan\u00e7a e-book sobre a\u00e7\u00f5es de ESG - ABIFA\",\"isPartOf\":{\"@id\":\"https:\/\/abifa.org.br\/site\/#website\"},\"primaryImageOfPage\":{\"@id\":\"https:\/\/abifa.org.br\/site\/rhi-magnesita-lanca-e-book-sobre-acoes-de-esg\/#primaryimage\"},\"image\":{\"@id\":\"https:\/\/abifa.org.br\/site\/rhi-magnesita-lanca-e-book-sobre-acoes-de-esg\/#primaryimage\"},\"thumbnailUrl\":\"https:\/\/abifa.org.br\/site\/wp-content\/uploads\/2024\/07\/Imagem-Destacada-Wordpress.jpg\",\"datePublished\":\"2024-08-08T12:56:00+00:00\",\"breadcrumb\":{\"@id\":\"https:\/\/abifa.org.br\/site\/rhi-magnesita-lanca-e-book-sobre-acoes-de-esg\/#breadcrumb\"},\"inLanguage\":\"pt-BR\",\"potentialAction\":[{\"@type\":\"ReadAction\",\"target\":[\"https:\/\/abifa.org.br\/site\/rhi-magnesita-lanca-e-book-sobre-acoes-de-esg\/\"]}]},{\"@type\":\"ImageObject\",\"inLanguage\":\"pt-BR\",\"@id\":\"https:\/\/abifa.org.br\/site\/rhi-magnesita-lanca-e-book-sobre-acoes-de-esg\/#primaryimage\",\"url\":\"https:\/\/abifa.org.br\/site\/wp-content\/uploads\/2024\/07\/Imagem-Destacada-Wordpress.jpg\",\"contentUrl\":\"https:\/\/abifa.org.br\/site\/wp-content\/uploads\/2024\/07\/Imagem-Destacada-Wordpress.jpg\",\"width\":600,\"height\":2},{\"@type\":\"BreadcrumbList\",\"@id\":\"https:\/\/abifa.org.br\/site\/rhi-magnesita-lanca-e-book-sobre-acoes-de-esg\/#breadcrumb\",\"itemListElement\":[{\"@type\":\"ListItem\",\"position\":1,\"name\":\"In\u00edcio\",\"item\":\"https:\/\/abifa.org.br\/site\/\"},{\"@type\":\"ListItem\",\"position\":2,\"name\":\"RHI Magnesita lan\u00e7a e-book sobre a\u00e7\u00f5es de ESG\"}]},{\"@type\":\"WebSite\",\"@id\":\"https:\/\/abifa.org.br\/site\/#website\",\"url\":\"https:\/\/abifa.org.br\/site\/\",\"name\":\"ABIFA\",\"description\":\"\",\"publisher\":{\"@id\":\"https:\/\/abifa.org.br\/site\/#organization\"},\"potentialAction\":[{\"@type\":\"SearchAction\",\"target\":{\"@type\":\"EntryPoint\",\"urlTemplate\":\"https:\/\/abifa.org.br\/site\/?s={search_term_string}\"},\"query-input\":{\"@type\":\"PropertyValueSpecification\",\"valueRequired\":true,\"valueName\":\"search_term_string\"}}],\"inLanguage\":\"pt-BR\"},{\"@type\":\"Organization\",\"@id\":\"https:\/\/abifa.org.br\/site\/#organization\",\"name\":\"ABIFA\",\"url\":\"https:\/\/abifa.org.br\/site\/\",\"logo\":{\"@type\":\"ImageObject\",\"inLanguage\":\"pt-BR\",\"@id\":\"https:\/\/abifa.org.br\/site\/#\/schema\/logo\/image\/\",\"url\":\"https:\/\/abifa.org.br\/site\/wp-content\/uploads\/2022\/11\/cropped-logo_abifa.png\",\"contentUrl\":\"https:\/\/abifa.org.br\/site\/wp-content\/uploads\/2022\/11\/cropped-logo_abifa.png\",\"width\":250,\"height\":116,\"caption\":\"ABIFA\"},\"image\":{\"@id\":\"https:\/\/abifa.org.br\/site\/#\/schema\/logo\/image\/\"}},{\"@type\":\"Person\",\"@id\":\"https:\/\/abifa.org.br\/site\/#\/schema\/person\/7f5efb1b42ce680f4197d4088b88318c\",\"name\":\"ABIFA\",\"sameAs\":[\"https:\/\/abifa.org.br\/site\"],\"url\":\"https:\/\/abifa.org.br\/site\/author\/adm_abifa_2022\/\"}]}<\/script>\n<!-- \/ Yoast SEO Premium plugin. -->","yoast_head_json":{"title":"RHI Magnesita lan\u00e7a e-book sobre a\u00e7\u00f5es de ESG - ABIFA","robots":{"index":"index","follow":"follow","max-snippet":"max-snippet:-1","max-image-preview":"max-image-preview:large","max-video-preview":"max-video-preview:-1"},"canonical":"https:\/\/abifa.org.br\/site\/rhi-magnesita-lanca-e-book-sobre-acoes-de-esg\/","og_locale":"pt_BR","og_type":"article","og_title":"RHI Magnesita lan\u00e7a e-book sobre a\u00e7\u00f5es de ESG","og_description":"Associada ABIFA","og_url":"https:\/\/abifa.org.br\/site\/rhi-magnesita-lanca-e-book-sobre-acoes-de-esg\/","og_site_name":"ABIFA","article_published_time":"2024-08-08T12:56:00+00:00","og_image":[{"width":600,"height":2,"url":"https:\/\/abifa.org.br\/site\/wp-content\/uploads\/2024\/07\/Imagem-Destacada-Wordpress.jpg","type":"image\/jpeg"}],"author":"ABIFA","twitter_card":"summary_large_image","twitter_misc":{"Escrito por":"ABIFA","Est. tempo de leitura":"3 minutos"},"schema":{"@context":"https:\/\/schema.org","@graph":[{"@type":"Article","@id":"https:\/\/abifa.org.br\/site\/rhi-magnesita-lanca-e-book-sobre-acoes-de-esg\/#article","isPartOf":{"@id":"https:\/\/abifa.org.br\/site\/rhi-magnesita-lanca-e-book-sobre-acoes-de-esg\/"},"author":{"name":"ABIFA","@id":"https:\/\/abifa.org.br\/site\/#\/schema\/person\/7f5efb1b42ce680f4197d4088b88318c"},"headline":"RHI Magnesita lan\u00e7a e-book sobre a\u00e7\u00f5es de ESG","datePublished":"2024-08-08T12:56:00+00:00","mainEntityOfPage":{"@id":"https:\/\/abifa.org.br\/site\/rhi-magnesita-lanca-e-book-sobre-acoes-de-esg\/"},"wordCount":657,"commentCount":0,"publisher":{"@id":"https:\/\/abifa.org.br\/site\/#organization"},"image":{"@id":"https:\/\/abifa.org.br\/site\/rhi-magnesita-lanca-e-book-sobre-acoes-de-esg\/#primaryimage"},"thumbnailUrl":"https:\/\/abifa.org.br\/site\/wp-content\/uploads\/2024\/07\/Imagem-Destacada-Wordpress.jpg","articleSection":["ABIFA","Associadas - Not\u00edcias"],"inLanguage":"pt-BR","potentialAction":[{"@type":"CommentAction","name":"Comment","target":["https:\/\/abifa.org.br\/site\/rhi-magnesita-lanca-e-book-sobre-acoes-de-esg\/#respond"]}]},{"@type":"WebPage","@id":"https:\/\/abifa.org.br\/site\/rhi-magnesita-lanca-e-book-sobre-acoes-de-esg\/","url":"https:\/\/abifa.org.br\/site\/rhi-magnesita-lanca-e-book-sobre-acoes-de-esg\/","name":"RHI Magnesita lan\u00e7a e-book sobre a\u00e7\u00f5es de ESG - ABIFA","isPartOf":{"@id":"https:\/\/abifa.org.br\/site\/#website"},"primaryImageOfPage":{"@id":"https:\/\/abifa.org.br\/site\/rhi-magnesita-lanca-e-book-sobre-acoes-de-esg\/#primaryimage"},"image":{"@id":"https:\/\/abifa.org.br\/site\/rhi-magnesita-lanca-e-book-sobre-acoes-de-esg\/#primaryimage"},"thumbnailUrl":"https:\/\/abifa.org.br\/site\/wp-content\/uploads\/2024\/07\/Imagem-Destacada-Wordpress.jpg","datePublished":"2024-08-08T12:56:00+00:00","breadcrumb":{"@id":"https:\/\/abifa.org.br\/site\/rhi-magnesita-lanca-e-book-sobre-acoes-de-esg\/#breadcrumb"},"inLanguage":"pt-BR","potentialAction":[{"@type":"ReadAction","target":["https:\/\/abifa.org.br\/site\/rhi-magnesita-lanca-e-book-sobre-acoes-de-esg\/"]}]},{"@type":"ImageObject","inLanguage":"pt-BR","@id":"https:\/\/abifa.org.br\/site\/rhi-magnesita-lanca-e-book-sobre-acoes-de-esg\/#primaryimage","url":"https:\/\/abifa.org.br\/site\/wp-content\/uploads\/2024\/07\/Imagem-Destacada-Wordpress.jpg","contentUrl":"https:\/\/abifa.org.br\/site\/wp-content\/uploads\/2024\/07\/Imagem-Destacada-Wordpress.jpg","width":600,"height":2},{"@type":"BreadcrumbList","@id":"https:\/\/abifa.org.br\/site\/rhi-magnesita-lanca-e-book-sobre-acoes-de-esg\/#breadcrumb","itemListElement":[{"@type":"ListItem","position":1,"name":"In\u00edcio","item":"https:\/\/abifa.org.br\/site\/"},{"@type":"ListItem","position":2,"name":"RHI Magnesita lan\u00e7a e-book sobre a\u00e7\u00f5es de ESG"}]},{"@type":"WebSite","@id":"https:\/\/abifa.org.br\/site\/#website","url":"https:\/\/abifa.org.br\/site\/","name":"ABIFA","description":"","publisher":{"@id":"https:\/\/abifa.org.br\/site\/#organization"},"potentialAction":[{"@type":"SearchAction","target":{"@type":"EntryPoint","urlTemplate":"https:\/\/abifa.org.br\/site\/?s={search_term_string}"},"query-input":{"@type":"PropertyValueSpecification","valueRequired":true,"valueName":"search_term_string"}}],"inLanguage":"pt-BR"},{"@type":"Organization","@id":"https:\/\/abifa.org.br\/site\/#organization","name":"ABIFA","url":"https:\/\/abifa.org.br\/site\/","logo":{"@type":"ImageObject","inLanguage":"pt-BR","@id":"https:\/\/abifa.org.br\/site\/#\/schema\/logo\/image\/","url":"https:\/\/abifa.org.br\/site\/wp-content\/uploads\/2022\/11\/cropped-logo_abifa.png","contentUrl":"https:\/\/abifa.org.br\/site\/wp-content\/uploads\/2022\/11\/cropped-logo_abifa.png","width":250,"height":116,"caption":"ABIFA"},"image":{"@id":"https:\/\/abifa.org.br\/site\/#\/schema\/logo\/image\/"}},{"@type":"Person","@id":"https:\/\/abifa.org.br\/site\/#\/schema\/person\/7f5efb1b42ce680f4197d4088b88318c","name":"ABIFA","sameAs":["https:\/\/abifa.org.br\/site"],"url":"https:\/\/abifa.org.br\/site\/author\/adm_abifa_2022\/"}]}},"_links":{"self":[{"href":"https:\/\/abifa.org.br\/site\/wp-json\/wp\/v2\/posts\/18265","targetHints":{"allow":["GET"]}}],"collection":[{"href":"https:\/\/abifa.org.br\/site\/wp-json\/wp\/v2\/posts"}],"about":[{"href":"https:\/\/abifa.org.br\/site\/wp-json\/wp\/v2\/types\/post"}],"author":[{"embeddable":true,"href":"https:\/\/abifa.org.br\/site\/wp-json\/wp\/v2\/users\/1"}],"replies":[{"embeddable":true,"href":"https:\/\/abifa.org.br\/site\/wp-json\/wp\/v2\/comments?post=18265"}],"version-history":[{"count":0,"href":"https:\/\/abifa.org.br\/site\/wp-json\/wp\/v2\/posts\/18265\/revisions"}],"wp:featuredmedia":[{"embeddable":true,"href":"https:\/\/abifa.org.br\/site\/wp-json\/wp\/v2\/media\/18126"}],"wp:attachment":[{"href":"https:\/\/abifa.org.br\/site\/wp-json\/wp\/v2\/media?parent=18265"}],"wp:term":[{"taxonomy":"category","embeddable":true,"href":"https:\/\/abifa.org.br\/site\/wp-json\/wp\/v2\/categories?post=18265"},{"taxonomy":"post_tag","embeddable":true,"href":"https:\/\/abifa.org.br\/site\/wp-json\/wp\/v2\/tags?post=18265"}],"curies":[{"name":"wp","href":"https:\/\/api.w.org\/{rel}","templated":true}]}}