{"id":18276,"date":"2024-07-29T15:00:00","date_gmt":"2024-07-29T18:00:00","guid":{"rendered":"https:\/\/abifa.org.br\/site\/?p=18276"},"modified":"2024-07-29T11:42:07","modified_gmt":"2024-07-29T14:42:07","slug":"fundicao-fecha-1o-semestre-24-com-producao-tecnicamente-estagnada","status":"publish","type":"post","link":"https:\/\/abifa.org.br\/site\/fundicao-fecha-1o-semestre-24-com-producao-tecnicamente-estagnada\/","title":{"rendered":"Fundi\u00e7\u00e3o fecha 1\u00ba semestre\/24 com produ\u00e7\u00e3o estagnada"},"content":{"rendered":"\n<p>Em junho, a ind\u00fastria brasileira de fundi\u00e7\u00e3o produziu 214.158 t de fundidos, o que equivale a uma queda de (3,0%) em rela\u00e7\u00e3o a maio\/24 e de (3,4%) ante junho\/23.<\/p>\n\n\n\n<p>De acordo com a ABIFA \u2013 Associa\u00e7\u00e3o Brasileira de Fundi\u00e7\u00e3o, o setor fechou o \u00faltimo semestre com a produ\u00e7\u00e3o de 1,269 milh\u00e3o t, o que equivale a uma redu\u00e7\u00e3o de (1,0%) no comparativo com o mesmo per\u00edodo de 2023.<\/p>\n\n\n\n<figure class=\"wp-block-table\"><table class=\"has-fixed-layout\"><tbody><tr><td colspan=\"7\"><strong>Tab. 1 \u2013 Compara\u00e7\u00e3o mensal (Junho\/Maio 2024) e anual (1\u00ba semestre) da produ\u00e7\u00e3o brasileira de fundidos.<\/strong><\/td><\/tr><tr><td><strong>Metal<\/strong><\/td><td><strong>Junho\/24<\/strong> <strong>(t)<\/strong><\/td><td><strong>Maio\/24<\/strong> <strong>(t)<\/strong><\/td><td><strong>Junho\/Maio 24<\/strong> <strong>(%)<\/strong><\/td><td><strong>1S24<\/strong> <strong>(t)<\/strong><\/td><td><strong>1S23<\/strong> <strong>(t)<\/strong><\/td><td><strong>1S24\/23 (%)<\/strong><\/td><\/tr><tr><td>Ferro<\/td><td>173.102<\/td><td>179.790<\/td><td>(3,7)<\/td><td>1.026.803<\/td><td>1.027.635<\/td><td>(0,1)<\/td><\/tr><tr><td>A\u00e7o<\/td><td>23.863<\/td><td>24.023<\/td><td>(0,7)<\/td><td>139.889<\/td><td>149.179<\/td><td>(6,2)<\/td><\/tr><tr><td>N\u00e3o ferrosos<\/td><td>17.193<\/td><td>17.029<\/td><td>1,0<\/td><td>102.396<\/td><td>104.872<\/td><td>(2,4)<\/td><\/tr><tr><td>Cobre<\/td><td>2.771<\/td><td>2.771<\/td><td>0,0<\/td><td>16.707<\/td><td>15.945<\/td><td>4,8<\/td><\/tr><tr><td>Zinco<\/td><td>98<\/td><td>98<\/td><td>&#8211;<\/td><td>587<\/td><td>587<\/td><td>&#8211;<\/td><\/tr><tr><td>Alum\u00ednio<\/td><td>13.904<\/td><td>13.740<\/td><td>1,2<\/td><td>82.584<\/td><td>85.822<\/td><td>(3,8)<\/td><\/tr><tr><td>Magn\u00e9sio<\/td><td>420<\/td><td>420<\/td><td>&#8211;<\/td><td>2.518<\/td><td>2.518<\/td><td>&#8211;<\/td><\/tr><tr><td><strong>Total<\/strong><\/td><td><strong>214.158<\/strong><\/td><td><strong>220.842<\/strong><\/td><td><strong>(3,0)<\/strong><\/td><td><strong>1.269.088<\/strong><\/td><td><strong>1.281.686<\/strong><\/td><td><strong>(1,0)<\/strong><\/td><\/tr><tr><td colspan=\"7\">Fonte: ABIFA \u2013 Associa\u00e7\u00e3o Brasileira de Fundi\u00e7\u00e3o<\/td><\/tr><\/tbody><\/table><\/figure>\n\n\n\n<p>A distribui\u00e7\u00e3o regional da produ\u00e7\u00e3o de fundidos no 1S24 pode ser conferida na tabela abaixo.<\/p>\n\n\n\n<figure class=\"wp-block-table\"><table class=\"has-fixed-layout\"><tbody><tr><td colspan=\"7\"><strong>Tab. 2 \u2013 Compara\u00e7\u00e3o da produ\u00e7\u00e3o brasileira de fundidos por Regi\u00e3o do pa\u00eds.<\/strong><\/td><\/tr><tr><td><strong>Regi\u00e3o<\/strong><\/td><td><strong>Junho\/24<\/strong> <strong>(t)<\/strong><\/td><td><strong>Maio\/24<\/strong> <strong>(t)<\/strong><\/td><td><strong>Junho\/Maio 24<\/strong> <strong>(%)<\/strong><\/td><td><strong>1S24<\/strong> <strong>(t)<\/strong><\/td><td><strong>1S23<\/strong> <strong>(t)<\/strong><\/td><td><strong>1S24\/23 (%)<\/strong><\/td><\/tr><tr><td>MG, MT, GO, MS, DF<\/td><td>44.344<\/td><td>44.966<\/td><td>(1,4)<\/td><td>262.072<\/td><td>290.537<\/td><td>(9,8)<\/td><\/tr><tr><td>N \/ NE<\/td><td>8.943<\/td><td>9.944<\/td><td>(10,1)<\/td><td>53.282<\/td><td>51.063<\/td><td>4,3<\/td><\/tr><tr><td>Paran\u00e1<\/td><td>14.101<\/td><td>14.681<\/td><td>(4,0)<\/td><td>80.932<\/td><td>103.114<\/td><td>(21,5)<\/td><\/tr><tr><td>RJ \/ ES<\/td><td>9.715<\/td><td>11.065<\/td><td>(12,2)<\/td><td>65.712<\/td><td>81.400<\/td><td>(19,3)<\/td><\/tr><tr><td>RS<\/td><td>11.398<\/td><td>11.308<\/td><td>0,8<\/td><td>70.846<\/td><td>72.122<\/td><td>(1,8)<\/td><\/tr><tr><td>SC<\/td><td>77.362<\/td><td>80.622<\/td><td>(4,0)<\/td><td>450.713<\/td><td>363.661<\/td><td>23,9<\/td><\/tr><tr><td>SP<\/td><td>48.295<\/td><td>48.256<\/td><td>0,1<\/td><td>285.531<\/td><td>319.789<\/td><td>(10,7)<\/td><\/tr><tr><td><strong>Total<\/strong><\/td><td><strong>214.158<\/strong><\/td><td><strong>220.842<\/strong><\/td><td><strong>(3,0)<\/strong><\/td><td><strong>1.269.088<\/strong><\/td><td><strong>1.281.686<\/strong><\/td><td><strong>(1,0)<\/strong><\/td><\/tr><tr><td colspan=\"7\">Fonte: ABIFA \u2013 Associa\u00e7\u00e3o Brasileira de Fundi\u00e7\u00e3o<\/td><\/tr><\/tbody><\/table><\/figure>\n\n\n\n<p><strong>Mercado interno<\/strong><\/p>\n\n\n\n<p>O mercado interno absorveu 87,72% da produ\u00e7\u00e3o brasileira de fundidos no 1S23 (1,113 milh\u00e3o t).<\/p>\n\n\n\n<p>No mesmo per\u00edodo de 2023, a demanda interna de fundidos produzidos no pa\u00eds foi de 1,111 milh\u00e3o t.<\/p>\n\n\n\n<p>Assim, no comparativo interanual (1S23\/22), o consumo interno de fundidos ficou tecnicamente est\u00e1vel, tendo aumentado irrisoriamente +0,13%.<\/p>\n\n\n\n<p><strong>Mercado externo<\/strong><\/p>\n\n\n\n<p>No primeiro semestre de 2024, as fundi\u00e7\u00f5es brasileiras exportaram 155.791 t; queda de (8,3%) em rela\u00e7\u00e3o ao 1S23 (169.913 t).<\/p>\n\n\n\n<p>No comparativo junho\/maio24, houve um aumento de +9,2% no volume embarcado pelo setor, conforme discriminado na tabela abaixo.<\/p>\n\n\n\n<figure class=\"wp-block-table\"><table class=\"has-fixed-layout\"><tbody><tr><td colspan=\"7\"><strong>Tab. 3 \u2013 Compara\u00e7\u00e3o mensal (Junho\/Maio 2024) e anual (1\u00ba semestre) das exporta\u00e7\u00f5es brasileiras de fundidos, em peso (t).<\/strong><\/td><\/tr><tr><td><strong>Metal<\/strong><\/td><td><strong>Junho\/24<\/strong> <strong>(t)<\/strong><\/td><td><strong>Maio\/24<\/strong> <strong>(t)<\/strong><\/td><td><strong>Junho\/Maio 24<\/strong> <strong>(%)<\/strong><\/td><td><strong>1S24<\/strong> <strong>(t)<\/strong><\/td><td><strong>1S23<\/strong> <strong>(t)<\/strong><\/td><td><strong>1S24\/23 (%)<\/strong><\/td><\/tr><tr><td>Ferro<\/td><td>24.429<\/td><td>21.924<\/td><td>11,4<\/td><td>140.029<\/td><td>157.275<\/td><td>(11,0)<\/td><\/tr><tr><td>A\u00e7o<\/td><td>2.192<\/td><td>2.373<\/td><td>(7,6)<\/td><td>13.796<\/td><td>10.215<\/td><td>35,1<\/td><\/tr><tr><td>N\u00e3o ferrosos<\/td><td>315<\/td><td>377<\/td><td>(16,4)<\/td><td>1.966<\/td><td>2.423<\/td><td>(18,9)<\/td><\/tr><tr><td><strong>Total<\/strong><\/td><td><strong>26.936<\/strong><\/td><td><strong>24.674<\/strong><\/td><td><strong>9,2<\/strong><\/td><td><strong>155.791<\/strong><\/td><td><strong>169.913<\/strong><\/td><td><strong>(8,3)<\/strong><\/td><\/tr><tr><td colspan=\"7\">Fonte: ABIFA \u2013 Associa\u00e7\u00e3o Brasileira de Fundi\u00e7\u00e3o<\/td><\/tr><\/tbody><\/table><\/figure>\n\n\n\n<p>Em valores, as exporta\u00e7\u00f5es de pe\u00e7as fundidas ca\u00edram (10,3%) no 1S24, em rela\u00e7\u00e3o ao mesmo per\u00edodo do ano passado.<\/p>\n\n\n\n<p>Na base de compara\u00e7\u00e3o junho\/maio24, foi registrada uma alta de +5,8%.<\/p>\n\n\n\n<p>Este desequil\u00edbrio na rela\u00e7\u00e3o entre volume e valor ocorre devido \u00e0 queda nas exporta\u00e7\u00f5es de produtos com menor valor agregado.<\/p>\n\n\n\n<figure class=\"wp-block-table\"><table class=\"has-fixed-layout\"><tbody><tr><td colspan=\"7\"><strong>Tab. 4 \u2013 Compara\u00e7\u00e3o mensal (Junho\/Maio 2024) e anual (1\u00ba semestre) das exporta\u00e7\u00f5es brasileiras de fundidos, em valores.<\/strong><\/td><\/tr><tr><td><strong>Metal<\/strong><\/td><td><strong>Junho\/24<\/strong> <strong>(mil US$ &#8211; FOB<\/strong><\/td><td><strong>Maio\/24<\/strong> <strong>(mil US$ &#8211; FOB<\/strong><\/td><td><strong>Junho\/Maio 24<\/strong> <strong>(%)<\/strong><\/td><td><strong>1S24<\/strong> <strong>(mil US$ &#8211; FOB)<\/strong><\/td><td><strong>1S23<\/strong> <strong>(mil US$ &#8211; FOB)<\/strong><\/td><td><strong>1S24\/23 (%)<\/strong><\/td><\/tr><tr><td>Ferro<\/td><td>64.260,5<\/td><td>60.648,9<\/td><td>6,0<\/td><td>377.327,0<\/td><td>439.078,9<\/td><td>(14,1)<\/td><\/tr><tr><td>A\u00e7o<\/td><td>13.068,2<\/td><td>12.300,1<\/td><td>6,2<\/td><td>74.852,6<\/td><td>64.071,1<\/td><td>16,8<\/td><\/tr><tr><td>N\u00e3o ferrosos<\/td><td>818,2<\/td><td>941,4<\/td><td>(13,1)<\/td><td>4.740,6<\/td><td>6.451,4<\/td><td>(26,5)<\/td><\/tr><tr><td><strong>Total<\/strong><\/td><td><strong>78.146,9<\/strong><\/td><td><strong>73.890,4<\/strong><\/td><td><strong>5,8<\/strong><\/td><td><strong>456.920,2<\/strong><\/td><td><strong>509.601,4<\/strong><\/td><td>(10,3)<\/td><\/tr><tr><td colspan=\"7\">Fonte: ABIFA \u2013 Associa\u00e7\u00e3o Brasileira de Fundi\u00e7\u00e3o<\/td><\/tr><\/tbody><\/table><\/figure>\n\n\n\n<p><strong>Emprego<\/strong><\/p>\n\n\n\n<p>Em junho, a ind\u00fastria brasileira de fundi\u00e7\u00e3o contou com 59.674 colaboradores, conforme discriminado por Regi\u00e3o do pa\u00eds, na tabela a seguir.<\/p>\n\n\n\n<figure class=\"wp-block-table\"><table class=\"has-fixed-layout\"><tbody><tr><td colspan=\"2\"><strong>Tab. 5 \u2013 N\u00famero de colaboradores da ind\u00fastria brasileira de fundi\u00e7\u00e3o em Junho de 2024.<\/strong><\/td><\/tr><tr><td><strong>Regi\u00e3o<\/strong><\/td><td><strong>Junho 2024<\/strong><\/td><\/tr><tr><td>Minas Gerais<\/td><td>16.888<\/td><\/tr><tr><td>Nordeste<\/td><td>2.315<\/td><\/tr><tr><td>Paran\u00e1<\/td><td>2.458<\/td><\/tr><tr><td>Rio de Janeiro\/Esp\u00edrito Santo<\/td><td>718<\/td><\/tr><tr><td>Rio Grande do Sul<\/td><td>2.534<\/td><\/tr><tr><td>Santa Catarina<\/td><td>19.382<\/td><\/tr><tr><td>S\u00e3o Paulo<\/td><td>15.379<\/td><\/tr><tr><td><strong>TOTAL<\/strong><\/td><td><strong>59.674<\/strong><\/td><\/tr><tr><td colspan=\"2\">Fonte: ABIFA \u2013 Associa\u00e7\u00e3o Brasileira de Fundi\u00e7\u00e3o<\/td><\/tr><\/tbody><\/table><\/figure>\n","protected":false},"excerpt":{"rendered":"<p>Em junho, a ind\u00fastria brasileira de fundi\u00e7\u00e3o produziu 214.158 t&hellip;<\/p>\n<p> <a class=\"more-link\" href=\"https:\/\/abifa.org.br\/site\/fundicao-fecha-1o-semestre-24-com-producao-tecnicamente-estagnada\/\">Leia mais<\/a><\/p>\n","protected":false},"author":1,"featured_media":18126,"comment_status":"open","ping_status":"open","sticky":false,"template":"","format":"standard","meta":{"_acf_changed":false,"om_disable_all_campaigns":false,"_uf_show_specific_survey":0,"_uf_disable_surveys":false,"footnotes":""},"categories":[48,43],"tags":[],"class_list":{"0":"post-18276","1":"post","2":"type-post","3":"status-publish","4":"format-standard","5":"has-post-thumbnail","7":"category-abifa","8":"category-indices-do-setor"},"acf":[],"yoast_head":"<!-- This site is optimized with the Yoast SEO Premium plugin v26.1 (Yoast SEO v26.1) - https:\/\/yoast.com\/wordpress\/plugins\/seo\/ -->\n<title>Fundi\u00e7\u00e3o fecha 1\u00ba semestre\/24 com produ\u00e7\u00e3o estagnada - ABIFA<\/title>\n<meta name=\"robots\" content=\"index, follow, max-snippet:-1, max-image-preview:large, max-video-preview:-1\" \/>\n<link rel=\"canonical\" href=\"https:\/\/abifa.org.br\/site\/fundicao-fecha-1o-semestre-24-com-producao-tecnicamente-estagnada\/\" \/>\n<meta property=\"og:locale\" content=\"pt_BR\" \/>\n<meta property=\"og:type\" content=\"article\" \/>\n<meta property=\"og:title\" content=\"Fundi\u00e7\u00e3o fecha 1\u00ba semestre\/24 com produ\u00e7\u00e3o estagnada\" \/>\n<meta property=\"og:description\" content=\"Em junho, a ind\u00fastria brasileira de fundi\u00e7\u00e3o produziu 214.158 t&hellip;  Leia mais\" \/>\n<meta property=\"og:url\" content=\"https:\/\/abifa.org.br\/site\/fundicao-fecha-1o-semestre-24-com-producao-tecnicamente-estagnada\/\" \/>\n<meta property=\"og:site_name\" content=\"ABIFA\" \/>\n<meta property=\"article:published_time\" content=\"2024-07-29T18:00:00+00:00\" \/>\n<meta property=\"og:image\" content=\"https:\/\/abifa.org.br\/site\/wp-content\/uploads\/2024\/07\/Imagem-Destacada-Wordpress.jpg\" \/>\n\t<meta property=\"og:image:width\" content=\"600\" \/>\n\t<meta property=\"og:image:height\" content=\"2\" \/>\n\t<meta property=\"og:image:type\" content=\"image\/jpeg\" \/>\n<meta name=\"author\" content=\"ABIFA\" \/>\n<meta name=\"twitter:card\" content=\"summary_large_image\" \/>\n<meta name=\"twitter:label1\" content=\"Escrito por\" \/>\n\t<meta name=\"twitter:data1\" content=\"ABIFA\" \/>\n\t<meta name=\"twitter:label2\" content=\"Est. tempo de leitura\" \/>\n\t<meta name=\"twitter:data2\" content=\"3 minutos\" \/>\n<script type=\"application\/ld+json\" class=\"yoast-schema-graph\">{\"@context\":\"https:\/\/schema.org\",\"@graph\":[{\"@type\":\"Article\",\"@id\":\"https:\/\/abifa.org.br\/site\/fundicao-fecha-1o-semestre-24-com-producao-tecnicamente-estagnada\/#article\",\"isPartOf\":{\"@id\":\"https:\/\/abifa.org.br\/site\/fundicao-fecha-1o-semestre-24-com-producao-tecnicamente-estagnada\/\"},\"author\":{\"name\":\"ABIFA\",\"@id\":\"https:\/\/abifa.org.br\/site\/#\/schema\/person\/7f5efb1b42ce680f4197d4088b88318c\"},\"headline\":\"Fundi\u00e7\u00e3o fecha 1\u00ba semestre\/24 com produ\u00e7\u00e3o estagnada\",\"datePublished\":\"2024-07-29T18:00:00+00:00\",\"mainEntityOfPage\":{\"@id\":\"https:\/\/abifa.org.br\/site\/fundicao-fecha-1o-semestre-24-com-producao-tecnicamente-estagnada\/\"},\"wordCount\":517,\"commentCount\":0,\"publisher\":{\"@id\":\"https:\/\/abifa.org.br\/site\/#organization\"},\"image\":{\"@id\":\"https:\/\/abifa.org.br\/site\/fundicao-fecha-1o-semestre-24-com-producao-tecnicamente-estagnada\/#primaryimage\"},\"thumbnailUrl\":\"https:\/\/abifa.org.br\/site\/wp-content\/uploads\/2024\/07\/Imagem-Destacada-Wordpress.jpg\",\"articleSection\":[\"ABIFA\",\"\u00cdndices do setor\"],\"inLanguage\":\"pt-BR\",\"potentialAction\":[{\"@type\":\"CommentAction\",\"name\":\"Comment\",\"target\":[\"https:\/\/abifa.org.br\/site\/fundicao-fecha-1o-semestre-24-com-producao-tecnicamente-estagnada\/#respond\"]}]},{\"@type\":\"WebPage\",\"@id\":\"https:\/\/abifa.org.br\/site\/fundicao-fecha-1o-semestre-24-com-producao-tecnicamente-estagnada\/\",\"url\":\"https:\/\/abifa.org.br\/site\/fundicao-fecha-1o-semestre-24-com-producao-tecnicamente-estagnada\/\",\"name\":\"Fundi\u00e7\u00e3o fecha 1\u00ba semestre\/24 com produ\u00e7\u00e3o estagnada - ABIFA\",\"isPartOf\":{\"@id\":\"https:\/\/abifa.org.br\/site\/#website\"},\"primaryImageOfPage\":{\"@id\":\"https:\/\/abifa.org.br\/site\/fundicao-fecha-1o-semestre-24-com-producao-tecnicamente-estagnada\/#primaryimage\"},\"image\":{\"@id\":\"https:\/\/abifa.org.br\/site\/fundicao-fecha-1o-semestre-24-com-producao-tecnicamente-estagnada\/#primaryimage\"},\"thumbnailUrl\":\"https:\/\/abifa.org.br\/site\/wp-content\/uploads\/2024\/07\/Imagem-Destacada-Wordpress.jpg\",\"datePublished\":\"2024-07-29T18:00:00+00:00\",\"breadcrumb\":{\"@id\":\"https:\/\/abifa.org.br\/site\/fundicao-fecha-1o-semestre-24-com-producao-tecnicamente-estagnada\/#breadcrumb\"},\"inLanguage\":\"pt-BR\",\"potentialAction\":[{\"@type\":\"ReadAction\",\"target\":[\"https:\/\/abifa.org.br\/site\/fundicao-fecha-1o-semestre-24-com-producao-tecnicamente-estagnada\/\"]}]},{\"@type\":\"ImageObject\",\"inLanguage\":\"pt-BR\",\"@id\":\"https:\/\/abifa.org.br\/site\/fundicao-fecha-1o-semestre-24-com-producao-tecnicamente-estagnada\/#primaryimage\",\"url\":\"https:\/\/abifa.org.br\/site\/wp-content\/uploads\/2024\/07\/Imagem-Destacada-Wordpress.jpg\",\"contentUrl\":\"https:\/\/abifa.org.br\/site\/wp-content\/uploads\/2024\/07\/Imagem-Destacada-Wordpress.jpg\",\"width\":600,\"height\":2},{\"@type\":\"BreadcrumbList\",\"@id\":\"https:\/\/abifa.org.br\/site\/fundicao-fecha-1o-semestre-24-com-producao-tecnicamente-estagnada\/#breadcrumb\",\"itemListElement\":[{\"@type\":\"ListItem\",\"position\":1,\"name\":\"In\u00edcio\",\"item\":\"https:\/\/abifa.org.br\/site\/\"},{\"@type\":\"ListItem\",\"position\":2,\"name\":\"Fundi\u00e7\u00e3o fecha 1\u00ba semestre\/24 com produ\u00e7\u00e3o estagnada\"}]},{\"@type\":\"WebSite\",\"@id\":\"https:\/\/abifa.org.br\/site\/#website\",\"url\":\"https:\/\/abifa.org.br\/site\/\",\"name\":\"ABIFA\",\"description\":\"\",\"publisher\":{\"@id\":\"https:\/\/abifa.org.br\/site\/#organization\"},\"potentialAction\":[{\"@type\":\"SearchAction\",\"target\":{\"@type\":\"EntryPoint\",\"urlTemplate\":\"https:\/\/abifa.org.br\/site\/?s={search_term_string}\"},\"query-input\":{\"@type\":\"PropertyValueSpecification\",\"valueRequired\":true,\"valueName\":\"search_term_string\"}}],\"inLanguage\":\"pt-BR\"},{\"@type\":\"Organization\",\"@id\":\"https:\/\/abifa.org.br\/site\/#organization\",\"name\":\"ABIFA\",\"url\":\"https:\/\/abifa.org.br\/site\/\",\"logo\":{\"@type\":\"ImageObject\",\"inLanguage\":\"pt-BR\",\"@id\":\"https:\/\/abifa.org.br\/site\/#\/schema\/logo\/image\/\",\"url\":\"https:\/\/abifa.org.br\/site\/wp-content\/uploads\/2022\/11\/cropped-logo_abifa.png\",\"contentUrl\":\"https:\/\/abifa.org.br\/site\/wp-content\/uploads\/2022\/11\/cropped-logo_abifa.png\",\"width\":250,\"height\":116,\"caption\":\"ABIFA\"},\"image\":{\"@id\":\"https:\/\/abifa.org.br\/site\/#\/schema\/logo\/image\/\"}},{\"@type\":\"Person\",\"@id\":\"https:\/\/abifa.org.br\/site\/#\/schema\/person\/7f5efb1b42ce680f4197d4088b88318c\",\"name\":\"ABIFA\",\"sameAs\":[\"https:\/\/abifa.org.br\/site\"],\"url\":\"https:\/\/abifa.org.br\/site\/author\/adm_abifa_2022\/\"}]}<\/script>\n<!-- \/ Yoast SEO Premium plugin. -->","yoast_head_json":{"title":"Fundi\u00e7\u00e3o fecha 1\u00ba semestre\/24 com produ\u00e7\u00e3o estagnada - ABIFA","robots":{"index":"index","follow":"follow","max-snippet":"max-snippet:-1","max-image-preview":"max-image-preview:large","max-video-preview":"max-video-preview:-1"},"canonical":"https:\/\/abifa.org.br\/site\/fundicao-fecha-1o-semestre-24-com-producao-tecnicamente-estagnada\/","og_locale":"pt_BR","og_type":"article","og_title":"Fundi\u00e7\u00e3o fecha 1\u00ba semestre\/24 com produ\u00e7\u00e3o estagnada","og_description":"Em junho, a ind\u00fastria brasileira de fundi\u00e7\u00e3o produziu 214.158 t&hellip;  Leia mais","og_url":"https:\/\/abifa.org.br\/site\/fundicao-fecha-1o-semestre-24-com-producao-tecnicamente-estagnada\/","og_site_name":"ABIFA","article_published_time":"2024-07-29T18:00:00+00:00","og_image":[{"width":600,"height":2,"url":"https:\/\/abifa.org.br\/site\/wp-content\/uploads\/2024\/07\/Imagem-Destacada-Wordpress.jpg","type":"image\/jpeg"}],"author":"ABIFA","twitter_card":"summary_large_image","twitter_misc":{"Escrito por":"ABIFA","Est. tempo de leitura":"3 minutos"},"schema":{"@context":"https:\/\/schema.org","@graph":[{"@type":"Article","@id":"https:\/\/abifa.org.br\/site\/fundicao-fecha-1o-semestre-24-com-producao-tecnicamente-estagnada\/#article","isPartOf":{"@id":"https:\/\/abifa.org.br\/site\/fundicao-fecha-1o-semestre-24-com-producao-tecnicamente-estagnada\/"},"author":{"name":"ABIFA","@id":"https:\/\/abifa.org.br\/site\/#\/schema\/person\/7f5efb1b42ce680f4197d4088b88318c"},"headline":"Fundi\u00e7\u00e3o fecha 1\u00ba semestre\/24 com produ\u00e7\u00e3o estagnada","datePublished":"2024-07-29T18:00:00+00:00","mainEntityOfPage":{"@id":"https:\/\/abifa.org.br\/site\/fundicao-fecha-1o-semestre-24-com-producao-tecnicamente-estagnada\/"},"wordCount":517,"commentCount":0,"publisher":{"@id":"https:\/\/abifa.org.br\/site\/#organization"},"image":{"@id":"https:\/\/abifa.org.br\/site\/fundicao-fecha-1o-semestre-24-com-producao-tecnicamente-estagnada\/#primaryimage"},"thumbnailUrl":"https:\/\/abifa.org.br\/site\/wp-content\/uploads\/2024\/07\/Imagem-Destacada-Wordpress.jpg","articleSection":["ABIFA","\u00cdndices do setor"],"inLanguage":"pt-BR","potentialAction":[{"@type":"CommentAction","name":"Comment","target":["https:\/\/abifa.org.br\/site\/fundicao-fecha-1o-semestre-24-com-producao-tecnicamente-estagnada\/#respond"]}]},{"@type":"WebPage","@id":"https:\/\/abifa.org.br\/site\/fundicao-fecha-1o-semestre-24-com-producao-tecnicamente-estagnada\/","url":"https:\/\/abifa.org.br\/site\/fundicao-fecha-1o-semestre-24-com-producao-tecnicamente-estagnada\/","name":"Fundi\u00e7\u00e3o fecha 1\u00ba semestre\/24 com produ\u00e7\u00e3o estagnada - ABIFA","isPartOf":{"@id":"https:\/\/abifa.org.br\/site\/#website"},"primaryImageOfPage":{"@id":"https:\/\/abifa.org.br\/site\/fundicao-fecha-1o-semestre-24-com-producao-tecnicamente-estagnada\/#primaryimage"},"image":{"@id":"https:\/\/abifa.org.br\/site\/fundicao-fecha-1o-semestre-24-com-producao-tecnicamente-estagnada\/#primaryimage"},"thumbnailUrl":"https:\/\/abifa.org.br\/site\/wp-content\/uploads\/2024\/07\/Imagem-Destacada-Wordpress.jpg","datePublished":"2024-07-29T18:00:00+00:00","breadcrumb":{"@id":"https:\/\/abifa.org.br\/site\/fundicao-fecha-1o-semestre-24-com-producao-tecnicamente-estagnada\/#breadcrumb"},"inLanguage":"pt-BR","potentialAction":[{"@type":"ReadAction","target":["https:\/\/abifa.org.br\/site\/fundicao-fecha-1o-semestre-24-com-producao-tecnicamente-estagnada\/"]}]},{"@type":"ImageObject","inLanguage":"pt-BR","@id":"https:\/\/abifa.org.br\/site\/fundicao-fecha-1o-semestre-24-com-producao-tecnicamente-estagnada\/#primaryimage","url":"https:\/\/abifa.org.br\/site\/wp-content\/uploads\/2024\/07\/Imagem-Destacada-Wordpress.jpg","contentUrl":"https:\/\/abifa.org.br\/site\/wp-content\/uploads\/2024\/07\/Imagem-Destacada-Wordpress.jpg","width":600,"height":2},{"@type":"BreadcrumbList","@id":"https:\/\/abifa.org.br\/site\/fundicao-fecha-1o-semestre-24-com-producao-tecnicamente-estagnada\/#breadcrumb","itemListElement":[{"@type":"ListItem","position":1,"name":"In\u00edcio","item":"https:\/\/abifa.org.br\/site\/"},{"@type":"ListItem","position":2,"name":"Fundi\u00e7\u00e3o fecha 1\u00ba semestre\/24 com produ\u00e7\u00e3o estagnada"}]},{"@type":"WebSite","@id":"https:\/\/abifa.org.br\/site\/#website","url":"https:\/\/abifa.org.br\/site\/","name":"ABIFA","description":"","publisher":{"@id":"https:\/\/abifa.org.br\/site\/#organization"},"potentialAction":[{"@type":"SearchAction","target":{"@type":"EntryPoint","urlTemplate":"https:\/\/abifa.org.br\/site\/?s={search_term_string}"},"query-input":{"@type":"PropertyValueSpecification","valueRequired":true,"valueName":"search_term_string"}}],"inLanguage":"pt-BR"},{"@type":"Organization","@id":"https:\/\/abifa.org.br\/site\/#organization","name":"ABIFA","url":"https:\/\/abifa.org.br\/site\/","logo":{"@type":"ImageObject","inLanguage":"pt-BR","@id":"https:\/\/abifa.org.br\/site\/#\/schema\/logo\/image\/","url":"https:\/\/abifa.org.br\/site\/wp-content\/uploads\/2022\/11\/cropped-logo_abifa.png","contentUrl":"https:\/\/abifa.org.br\/site\/wp-content\/uploads\/2022\/11\/cropped-logo_abifa.png","width":250,"height":116,"caption":"ABIFA"},"image":{"@id":"https:\/\/abifa.org.br\/site\/#\/schema\/logo\/image\/"}},{"@type":"Person","@id":"https:\/\/abifa.org.br\/site\/#\/schema\/person\/7f5efb1b42ce680f4197d4088b88318c","name":"ABIFA","sameAs":["https:\/\/abifa.org.br\/site"],"url":"https:\/\/abifa.org.br\/site\/author\/adm_abifa_2022\/"}]}},"_links":{"self":[{"href":"https:\/\/abifa.org.br\/site\/wp-json\/wp\/v2\/posts\/18276","targetHints":{"allow":["GET"]}}],"collection":[{"href":"https:\/\/abifa.org.br\/site\/wp-json\/wp\/v2\/posts"}],"about":[{"href":"https:\/\/abifa.org.br\/site\/wp-json\/wp\/v2\/types\/post"}],"author":[{"embeddable":true,"href":"https:\/\/abifa.org.br\/site\/wp-json\/wp\/v2\/users\/1"}],"replies":[{"embeddable":true,"href":"https:\/\/abifa.org.br\/site\/wp-json\/wp\/v2\/comments?post=18276"}],"version-history":[{"count":0,"href":"https:\/\/abifa.org.br\/site\/wp-json\/wp\/v2\/posts\/18276\/revisions"}],"wp:featuredmedia":[{"embeddable":true,"href":"https:\/\/abifa.org.br\/site\/wp-json\/wp\/v2\/media\/18126"}],"wp:attachment":[{"href":"https:\/\/abifa.org.br\/site\/wp-json\/wp\/v2\/media?parent=18276"}],"wp:term":[{"taxonomy":"category","embeddable":true,"href":"https:\/\/abifa.org.br\/site\/wp-json\/wp\/v2\/categories?post=18276"},{"taxonomy":"post_tag","embeddable":true,"href":"https:\/\/abifa.org.br\/site\/wp-json\/wp\/v2\/tags?post=18276"}],"curies":[{"name":"wp","href":"https:\/\/api.w.org\/{rel}","templated":true}]}}