{"id":21784,"date":"2025-02-17T09:04:26","date_gmt":"2025-02-17T12:04:26","guid":{"rendered":"https:\/\/abifa.org.br\/site\/?p=21784"},"modified":"2025-02-17T09:04:26","modified_gmt":"2025-02-17T12:04:26","slug":"schulz-s-a-adquire-participacao-no-maior-parque-solar-do-hemisferio-sul","status":"publish","type":"post","link":"https:\/\/abifa.org.br\/site\/schulz-s-a-adquire-participacao-no-maior-parque-solar-do-hemisferio-sul\/","title":{"rendered":"Schulz S.A. adquire participa\u00e7\u00e3o no maior parque solar do hemisf\u00e9rio sul"},"content":{"rendered":"\n<p>A Schulz S.A. anunciou a aquisi\u00e7\u00e3o de participa\u00e7\u00e3o no Complexo Solar Jana\u00faba, da Elera Renov\u00e1veis &#8211; empresa da gestora canadense Brookfield &#8211; localizado no Norte de Minas Gerais. Com isso, a empresa alcan\u00e7ar\u00e1 100% de seu consumo de energia el\u00e9trica proveniente de fontes renov\u00e1veis ainda este ano.<\/p>\n\n\n<div class=\"wp-block-image\">\n<figure class=\"aligncenter size-large is-resized\"><img fetchpriority=\"high\" decoding=\"async\" width=\"800\" height=\"449\" src=\"https:\/\/abifa.org.br\/site\/wp-content\/uploads\/2025\/02\/Complexo-Solar-Janauba-em-Minas-Gerais-Imagem-Elera-Renovaveis_Divulgacao-800x449.jpg\" alt=\"\" class=\"wp-image-21785\" style=\"width:501px;height:auto\" srcset=\"https:\/\/abifa.org.br\/site\/wp-content\/uploads\/2025\/02\/Complexo-Solar-Janauba-em-Minas-Gerais-Imagem-Elera-Renovaveis_Divulgacao.jpg 800w, https:\/\/abifa.org.br\/site\/wp-content\/uploads\/2025\/02\/Complexo-Solar-Janauba-em-Minas-Gerais-Imagem-Elera-Renovaveis_Divulgacao-768x431.jpg 768w\" sizes=\"(max-width: 800px) 100vw, 800px\" \/><figcaption class=\"wp-element-caption\">Complexo Solar Jana\u00faba, em Minas Gerais (Imagem: Elera Renov\u00e1veis &#8211; Divulga\u00e7\u00e3o)<\/figcaption><\/figure>\n<\/div>\n\n\n<p>De acordo com Sandro Trentin, CEO, o compromisso da empresa para a redu\u00e7\u00e3o da emiss\u00e3o de carbono estava previsto para 2030. \u201cMas essa aquisi\u00e7\u00e3o nos trouxe um avan\u00e7o expressivo: a capacidade de antecipar essa meta j\u00e1 para 2025\u201d. Ou seja: a empresa iniciar\u00e1 a autoprodu\u00e7\u00e3o de energia limpa j\u00e1 em 2025, fortalecendo seu compromisso com o crescimento sustent\u00e1vel, as demandas de clientes e da sociedade.<\/p>\n\n\n\n<p>A participa\u00e7\u00e3o da Schulz S.A no Complexo est\u00e1 relacionada a um parque com capacidade total instalada de 48 MW. A energia renov\u00e1vel gerada por este parque permitir\u00e1 \u00e0 companhia neutralizar totalmente as emiss\u00f5es de CO\u2082 associadas ao Escopo 2 do Protocolo GHG (Greenhouse Gases) &#8211; categoria de emiss\u00f5es indiretas de GEE (gases de efeito estufa) relacionadas ao consumo de energia el\u00e9trica &#8211; superando as suas emiss\u00f5es de carbono.<\/p>\n\n\n\n<p><strong>Vis\u00e3o estrat\u00e9gica e impacto nos neg\u00f3cios<\/strong><\/p>\n\n\n\n<p>Esta aquisi\u00e7\u00e3o posiciona a Schulz S.A. na vanguarda da transi\u00e7\u00e3o energ\u00e9tica em seu setor de atua\u00e7\u00e3o. Al\u00e9m de garantir maior efici\u00eancia energ\u00e9tica, a iniciativa demonstra a capacidade da empresa de inovar em seu modelo de neg\u00f3cio, criando valor sustent\u00e1vel a longo prazo.<\/p>\n\n\n\n<p>&#8220;Esta iniciativa fortalece nossa atua\u00e7\u00e3o alinhada \u00e0 agenda ESG. Estamos n\u00e3o apenas reduzindo nossa pegada de carbono, mas tamb\u00e9m criando valor para nossos acionistas, colaboradores, clientes e a sociedade como um todo\u201d, completa Ovandi Rosenstock, presidente da Schulz S.A.<\/p>\n","protected":false},"excerpt":{"rendered":"<p>Associada ABIFA<\/p>\n<p> <a class=\"more-link\" href=\"https:\/\/abifa.org.br\/site\/schulz-s-a-adquire-participacao-no-maior-parque-solar-do-hemisferio-sul\/\">Leia mais<\/a><\/p>","protected":false},"author":1,"featured_media":18126,"comment_status":"open","ping_status":"open","sticky":false,"template":"","format":"standard","meta":{"_acf_changed":false,"om_disable_all_campaigns":false,"_uf_show_specific_survey":0,"_uf_disable_surveys":false,"footnotes":""},"categories":[48,42,46],"tags":[],"class_list":{"0":"post-21784","1":"post","2":"type-post","3":"status-publish","4":"format-standard","5":"has-post-thumbnail","7":"category-abifa","8":"category-associadas-noticias","9":"category-associados-abifa-beneficios"},"acf":[],"yoast_head":"<!-- This site is optimized with the Yoast SEO Premium plugin v26.1 (Yoast SEO v26.1) - https:\/\/yoast.com\/wordpress\/plugins\/seo\/ -->\n<title>Schulz S.A. adquire participa\u00e7\u00e3o no maior parque solar do hemisf\u00e9rio sul - ABIFA<\/title>\n<meta name=\"robots\" content=\"index, follow, max-snippet:-1, max-image-preview:large, max-video-preview:-1\" \/>\n<link rel=\"canonical\" href=\"https:\/\/abifa.org.br\/site\/schulz-s-a-adquire-participacao-no-maior-parque-solar-do-hemisferio-sul\/\" \/>\n<meta property=\"og:locale\" content=\"pt_BR\" \/>\n<meta property=\"og:type\" content=\"article\" \/>\n<meta property=\"og:title\" content=\"Schulz S.A. adquire participa\u00e7\u00e3o no maior parque solar do hemisf\u00e9rio sul\" \/>\n<meta property=\"og:description\" content=\"Associada ABIFA\" \/>\n<meta property=\"og:url\" content=\"https:\/\/abifa.org.br\/site\/schulz-s-a-adquire-participacao-no-maior-parque-solar-do-hemisferio-sul\/\" \/>\n<meta property=\"og:site_name\" content=\"ABIFA\" \/>\n<meta property=\"article:published_time\" content=\"2025-02-17T12:04:26+00:00\" \/>\n<meta property=\"og:image\" content=\"https:\/\/abifa.org.br\/site\/wp-content\/uploads\/2024\/07\/Imagem-Destacada-Wordpress.jpg\" \/>\n\t<meta property=\"og:image:width\" content=\"600\" \/>\n\t<meta property=\"og:image:height\" content=\"2\" \/>\n\t<meta property=\"og:image:type\" content=\"image\/jpeg\" \/>\n<meta name=\"author\" content=\"ABIFA\" \/>\n<meta name=\"twitter:card\" content=\"summary_large_image\" \/>\n<meta name=\"twitter:label1\" content=\"Escrito por\" \/>\n\t<meta name=\"twitter:data1\" content=\"ABIFA\" \/>\n\t<meta name=\"twitter:label2\" content=\"Est. tempo de leitura\" \/>\n\t<meta name=\"twitter:data2\" content=\"2 minutos\" \/>\n<script type=\"application\/ld+json\" class=\"yoast-schema-graph\">{\"@context\":\"https:\/\/schema.org\",\"@graph\":[{\"@type\":\"Article\",\"@id\":\"https:\/\/abifa.org.br\/site\/schulz-s-a-adquire-participacao-no-maior-parque-solar-do-hemisferio-sul\/#article\",\"isPartOf\":{\"@id\":\"https:\/\/abifa.org.br\/site\/schulz-s-a-adquire-participacao-no-maior-parque-solar-do-hemisferio-sul\/\"},\"author\":{\"name\":\"ABIFA\",\"@id\":\"https:\/\/abifa.org.br\/site\/#\/schema\/person\/7f5efb1b42ce680f4197d4088b88318c\"},\"headline\":\"Schulz S.A. adquire participa\u00e7\u00e3o no maior parque solar do hemisf\u00e9rio sul\",\"datePublished\":\"2025-02-17T12:04:26+00:00\",\"mainEntityOfPage\":{\"@id\":\"https:\/\/abifa.org.br\/site\/schulz-s-a-adquire-participacao-no-maior-parque-solar-do-hemisferio-sul\/\"},\"wordCount\":325,\"commentCount\":0,\"publisher\":{\"@id\":\"https:\/\/abifa.org.br\/site\/#organization\"},\"image\":{\"@id\":\"https:\/\/abifa.org.br\/site\/schulz-s-a-adquire-participacao-no-maior-parque-solar-do-hemisferio-sul\/#primaryimage\"},\"thumbnailUrl\":\"https:\/\/abifa.org.br\/site\/wp-content\/uploads\/2024\/07\/Imagem-Destacada-Wordpress.jpg\",\"articleSection\":[\"ABIFA\",\"Associadas - Not\u00edcias\",\"Associados ABIFA - Benef\u00edcios\"],\"inLanguage\":\"pt-BR\",\"potentialAction\":[{\"@type\":\"CommentAction\",\"name\":\"Comment\",\"target\":[\"https:\/\/abifa.org.br\/site\/schulz-s-a-adquire-participacao-no-maior-parque-solar-do-hemisferio-sul\/#respond\"]}]},{\"@type\":\"WebPage\",\"@id\":\"https:\/\/abifa.org.br\/site\/schulz-s-a-adquire-participacao-no-maior-parque-solar-do-hemisferio-sul\/\",\"url\":\"https:\/\/abifa.org.br\/site\/schulz-s-a-adquire-participacao-no-maior-parque-solar-do-hemisferio-sul\/\",\"name\":\"Schulz S.A. adquire participa\u00e7\u00e3o no maior parque solar do hemisf\u00e9rio sul - ABIFA\",\"isPartOf\":{\"@id\":\"https:\/\/abifa.org.br\/site\/#website\"},\"primaryImageOfPage\":{\"@id\":\"https:\/\/abifa.org.br\/site\/schulz-s-a-adquire-participacao-no-maior-parque-solar-do-hemisferio-sul\/#primaryimage\"},\"image\":{\"@id\":\"https:\/\/abifa.org.br\/site\/schulz-s-a-adquire-participacao-no-maior-parque-solar-do-hemisferio-sul\/#primaryimage\"},\"thumbnailUrl\":\"https:\/\/abifa.org.br\/site\/wp-content\/uploads\/2024\/07\/Imagem-Destacada-Wordpress.jpg\",\"datePublished\":\"2025-02-17T12:04:26+00:00\",\"breadcrumb\":{\"@id\":\"https:\/\/abifa.org.br\/site\/schulz-s-a-adquire-participacao-no-maior-parque-solar-do-hemisferio-sul\/#breadcrumb\"},\"inLanguage\":\"pt-BR\",\"potentialAction\":[{\"@type\":\"ReadAction\",\"target\":[\"https:\/\/abifa.org.br\/site\/schulz-s-a-adquire-participacao-no-maior-parque-solar-do-hemisferio-sul\/\"]}]},{\"@type\":\"ImageObject\",\"inLanguage\":\"pt-BR\",\"@id\":\"https:\/\/abifa.org.br\/site\/schulz-s-a-adquire-participacao-no-maior-parque-solar-do-hemisferio-sul\/#primaryimage\",\"url\":\"https:\/\/abifa.org.br\/site\/wp-content\/uploads\/2024\/07\/Imagem-Destacada-Wordpress.jpg\",\"contentUrl\":\"https:\/\/abifa.org.br\/site\/wp-content\/uploads\/2024\/07\/Imagem-Destacada-Wordpress.jpg\",\"width\":600,\"height\":2},{\"@type\":\"BreadcrumbList\",\"@id\":\"https:\/\/abifa.org.br\/site\/schulz-s-a-adquire-participacao-no-maior-parque-solar-do-hemisferio-sul\/#breadcrumb\",\"itemListElement\":[{\"@type\":\"ListItem\",\"position\":1,\"name\":\"In\u00edcio\",\"item\":\"https:\/\/abifa.org.br\/site\/\"},{\"@type\":\"ListItem\",\"position\":2,\"name\":\"Schulz S.A. adquire participa\u00e7\u00e3o no maior parque solar do hemisf\u00e9rio sul\"}]},{\"@type\":\"WebSite\",\"@id\":\"https:\/\/abifa.org.br\/site\/#website\",\"url\":\"https:\/\/abifa.org.br\/site\/\",\"name\":\"ABIFA\",\"description\":\"\",\"publisher\":{\"@id\":\"https:\/\/abifa.org.br\/site\/#organization\"},\"potentialAction\":[{\"@type\":\"SearchAction\",\"target\":{\"@type\":\"EntryPoint\",\"urlTemplate\":\"https:\/\/abifa.org.br\/site\/?s={search_term_string}\"},\"query-input\":{\"@type\":\"PropertyValueSpecification\",\"valueRequired\":true,\"valueName\":\"search_term_string\"}}],\"inLanguage\":\"pt-BR\"},{\"@type\":\"Organization\",\"@id\":\"https:\/\/abifa.org.br\/site\/#organization\",\"name\":\"ABIFA\",\"url\":\"https:\/\/abifa.org.br\/site\/\",\"logo\":{\"@type\":\"ImageObject\",\"inLanguage\":\"pt-BR\",\"@id\":\"https:\/\/abifa.org.br\/site\/#\/schema\/logo\/image\/\",\"url\":\"https:\/\/abifa.org.br\/site\/wp-content\/uploads\/2022\/11\/cropped-logo_abifa.png\",\"contentUrl\":\"https:\/\/abifa.org.br\/site\/wp-content\/uploads\/2022\/11\/cropped-logo_abifa.png\",\"width\":250,\"height\":116,\"caption\":\"ABIFA\"},\"image\":{\"@id\":\"https:\/\/abifa.org.br\/site\/#\/schema\/logo\/image\/\"}},{\"@type\":\"Person\",\"@id\":\"https:\/\/abifa.org.br\/site\/#\/schema\/person\/7f5efb1b42ce680f4197d4088b88318c\",\"name\":\"ABIFA\",\"sameAs\":[\"https:\/\/abifa.org.br\/site\"],\"url\":\"https:\/\/abifa.org.br\/site\/author\/adm_abifa_2022\/\"}]}<\/script>\n<!-- \/ Yoast SEO Premium plugin. -->","yoast_head_json":{"title":"Schulz S.A. adquire participa\u00e7\u00e3o no maior parque solar do hemisf\u00e9rio sul - ABIFA","robots":{"index":"index","follow":"follow","max-snippet":"max-snippet:-1","max-image-preview":"max-image-preview:large","max-video-preview":"max-video-preview:-1"},"canonical":"https:\/\/abifa.org.br\/site\/schulz-s-a-adquire-participacao-no-maior-parque-solar-do-hemisferio-sul\/","og_locale":"pt_BR","og_type":"article","og_title":"Schulz S.A. adquire participa\u00e7\u00e3o no maior parque solar do hemisf\u00e9rio sul","og_description":"Associada ABIFA","og_url":"https:\/\/abifa.org.br\/site\/schulz-s-a-adquire-participacao-no-maior-parque-solar-do-hemisferio-sul\/","og_site_name":"ABIFA","article_published_time":"2025-02-17T12:04:26+00:00","og_image":[{"width":600,"height":2,"url":"https:\/\/abifa.org.br\/site\/wp-content\/uploads\/2024\/07\/Imagem-Destacada-Wordpress.jpg","type":"image\/jpeg"}],"author":"ABIFA","twitter_card":"summary_large_image","twitter_misc":{"Escrito por":"ABIFA","Est. tempo de leitura":"2 minutos"},"schema":{"@context":"https:\/\/schema.org","@graph":[{"@type":"Article","@id":"https:\/\/abifa.org.br\/site\/schulz-s-a-adquire-participacao-no-maior-parque-solar-do-hemisferio-sul\/#article","isPartOf":{"@id":"https:\/\/abifa.org.br\/site\/schulz-s-a-adquire-participacao-no-maior-parque-solar-do-hemisferio-sul\/"},"author":{"name":"ABIFA","@id":"https:\/\/abifa.org.br\/site\/#\/schema\/person\/7f5efb1b42ce680f4197d4088b88318c"},"headline":"Schulz S.A. adquire participa\u00e7\u00e3o no maior parque solar do hemisf\u00e9rio sul","datePublished":"2025-02-17T12:04:26+00:00","mainEntityOfPage":{"@id":"https:\/\/abifa.org.br\/site\/schulz-s-a-adquire-participacao-no-maior-parque-solar-do-hemisferio-sul\/"},"wordCount":325,"commentCount":0,"publisher":{"@id":"https:\/\/abifa.org.br\/site\/#organization"},"image":{"@id":"https:\/\/abifa.org.br\/site\/schulz-s-a-adquire-participacao-no-maior-parque-solar-do-hemisferio-sul\/#primaryimage"},"thumbnailUrl":"https:\/\/abifa.org.br\/site\/wp-content\/uploads\/2024\/07\/Imagem-Destacada-Wordpress.jpg","articleSection":["ABIFA","Associadas - Not\u00edcias","Associados ABIFA - Benef\u00edcios"],"inLanguage":"pt-BR","potentialAction":[{"@type":"CommentAction","name":"Comment","target":["https:\/\/abifa.org.br\/site\/schulz-s-a-adquire-participacao-no-maior-parque-solar-do-hemisferio-sul\/#respond"]}]},{"@type":"WebPage","@id":"https:\/\/abifa.org.br\/site\/schulz-s-a-adquire-participacao-no-maior-parque-solar-do-hemisferio-sul\/","url":"https:\/\/abifa.org.br\/site\/schulz-s-a-adquire-participacao-no-maior-parque-solar-do-hemisferio-sul\/","name":"Schulz S.A. adquire participa\u00e7\u00e3o no maior parque solar do hemisf\u00e9rio sul - ABIFA","isPartOf":{"@id":"https:\/\/abifa.org.br\/site\/#website"},"primaryImageOfPage":{"@id":"https:\/\/abifa.org.br\/site\/schulz-s-a-adquire-participacao-no-maior-parque-solar-do-hemisferio-sul\/#primaryimage"},"image":{"@id":"https:\/\/abifa.org.br\/site\/schulz-s-a-adquire-participacao-no-maior-parque-solar-do-hemisferio-sul\/#primaryimage"},"thumbnailUrl":"https:\/\/abifa.org.br\/site\/wp-content\/uploads\/2024\/07\/Imagem-Destacada-Wordpress.jpg","datePublished":"2025-02-17T12:04:26+00:00","breadcrumb":{"@id":"https:\/\/abifa.org.br\/site\/schulz-s-a-adquire-participacao-no-maior-parque-solar-do-hemisferio-sul\/#breadcrumb"},"inLanguage":"pt-BR","potentialAction":[{"@type":"ReadAction","target":["https:\/\/abifa.org.br\/site\/schulz-s-a-adquire-participacao-no-maior-parque-solar-do-hemisferio-sul\/"]}]},{"@type":"ImageObject","inLanguage":"pt-BR","@id":"https:\/\/abifa.org.br\/site\/schulz-s-a-adquire-participacao-no-maior-parque-solar-do-hemisferio-sul\/#primaryimage","url":"https:\/\/abifa.org.br\/site\/wp-content\/uploads\/2024\/07\/Imagem-Destacada-Wordpress.jpg","contentUrl":"https:\/\/abifa.org.br\/site\/wp-content\/uploads\/2024\/07\/Imagem-Destacada-Wordpress.jpg","width":600,"height":2},{"@type":"BreadcrumbList","@id":"https:\/\/abifa.org.br\/site\/schulz-s-a-adquire-participacao-no-maior-parque-solar-do-hemisferio-sul\/#breadcrumb","itemListElement":[{"@type":"ListItem","position":1,"name":"In\u00edcio","item":"https:\/\/abifa.org.br\/site\/"},{"@type":"ListItem","position":2,"name":"Schulz S.A. adquire participa\u00e7\u00e3o no maior parque solar do hemisf\u00e9rio sul"}]},{"@type":"WebSite","@id":"https:\/\/abifa.org.br\/site\/#website","url":"https:\/\/abifa.org.br\/site\/","name":"ABIFA","description":"","publisher":{"@id":"https:\/\/abifa.org.br\/site\/#organization"},"potentialAction":[{"@type":"SearchAction","target":{"@type":"EntryPoint","urlTemplate":"https:\/\/abifa.org.br\/site\/?s={search_term_string}"},"query-input":{"@type":"PropertyValueSpecification","valueRequired":true,"valueName":"search_term_string"}}],"inLanguage":"pt-BR"},{"@type":"Organization","@id":"https:\/\/abifa.org.br\/site\/#organization","name":"ABIFA","url":"https:\/\/abifa.org.br\/site\/","logo":{"@type":"ImageObject","inLanguage":"pt-BR","@id":"https:\/\/abifa.org.br\/site\/#\/schema\/logo\/image\/","url":"https:\/\/abifa.org.br\/site\/wp-content\/uploads\/2022\/11\/cropped-logo_abifa.png","contentUrl":"https:\/\/abifa.org.br\/site\/wp-content\/uploads\/2022\/11\/cropped-logo_abifa.png","width":250,"height":116,"caption":"ABIFA"},"image":{"@id":"https:\/\/abifa.org.br\/site\/#\/schema\/logo\/image\/"}},{"@type":"Person","@id":"https:\/\/abifa.org.br\/site\/#\/schema\/person\/7f5efb1b42ce680f4197d4088b88318c","name":"ABIFA","sameAs":["https:\/\/abifa.org.br\/site"],"url":"https:\/\/abifa.org.br\/site\/author\/adm_abifa_2022\/"}]}},"_links":{"self":[{"href":"https:\/\/abifa.org.br\/site\/wp-json\/wp\/v2\/posts\/21784","targetHints":{"allow":["GET"]}}],"collection":[{"href":"https:\/\/abifa.org.br\/site\/wp-json\/wp\/v2\/posts"}],"about":[{"href":"https:\/\/abifa.org.br\/site\/wp-json\/wp\/v2\/types\/post"}],"author":[{"embeddable":true,"href":"https:\/\/abifa.org.br\/site\/wp-json\/wp\/v2\/users\/1"}],"replies":[{"embeddable":true,"href":"https:\/\/abifa.org.br\/site\/wp-json\/wp\/v2\/comments?post=21784"}],"version-history":[{"count":0,"href":"https:\/\/abifa.org.br\/site\/wp-json\/wp\/v2\/posts\/21784\/revisions"}],"wp:featuredmedia":[{"embeddable":true,"href":"https:\/\/abifa.org.br\/site\/wp-json\/wp\/v2\/media\/18126"}],"wp:attachment":[{"href":"https:\/\/abifa.org.br\/site\/wp-json\/wp\/v2\/media?parent=21784"}],"wp:term":[{"taxonomy":"category","embeddable":true,"href":"https:\/\/abifa.org.br\/site\/wp-json\/wp\/v2\/categories?post=21784"},{"taxonomy":"post_tag","embeddable":true,"href":"https:\/\/abifa.org.br\/site\/wp-json\/wp\/v2\/tags?post=21784"}],"curies":[{"name":"wp","href":"https:\/\/api.w.org\/{rel}","templated":true}]}}