{"id":22046,"date":"2025-03-18T11:01:00","date_gmt":"2025-03-18T14:01:00","guid":{"rendered":"https:\/\/abifa.org.br\/site\/?p=22046"},"modified":"2025-03-14T17:03:07","modified_gmt":"2025-03-14T20:03:07","slug":"fase-2-do-programa-depreciacao-acelerada-e-lancado","status":"publish","type":"post","link":"https:\/\/abifa.org.br\/site\/fase-2-do-programa-depreciacao-acelerada-e-lancado\/","title":{"rendered":"Fase 2 do programa Deprecia\u00e7\u00e3o Acelerada \u00e9 lan\u00e7ado"},"content":{"rendered":"\n<p>A segunda fase do programa Deprecia\u00e7\u00e3o Acelerada, programa de est\u00edmulo \u00e0 renova\u00e7\u00e3o do parque fabril brasileiro, foi oficialmente anunciada. Conforme informou o ministro do Desenvolvimento, Ind\u00fastria, Com\u00e9rcio e Servi\u00e7os (MDIC), Geraldo Alckmin, o programa disponibilizar\u00e1 R$ 3 bilh\u00f5es em cr\u00e9ditos financeiros em 2025 e 2026, sendo R$ 1,5 bilh\u00e3o em cada ano.<\/p>\n\n\n\n<p>A medida impulsiona a compra de m\u00e1quinas, equipamentos, aparelhos e instrumentos novos, beneficiando 25 atividades econ\u00f4micas do setor industrial. Para o ministro, a medida representa um c\u00edrculo virtuoso: \u201cIsso estimula o parque industrial a se renovar. Voc\u00ea estimula as ind\u00fastrias a trocarem m\u00e1quinas e equipamentos por m\u00e1quinas mais eficientes. Mais produtividade, efici\u00eancia energ\u00e9tica e descarboniza\u00e7\u00e3o\u201d.<\/p>\n\n\n\n<p>Ainda de acordo com Alckmin, a segunda fase da deprecia\u00e7\u00e3o acelerada vem em um bom momento, em que a capacidade da ind\u00fastria est\u00e1 grande, e h\u00e1 pouca capacidade ociosa. \u201cAs empresas precisam ampliar a f\u00e1brica, precisam ampliar a ind\u00fastria\u201d, completou o ministro.<\/p>\n\n\n\n<p>Uallace Moreira, secret\u00e1rio de Desenvolvimento Industrial, Inova\u00e7\u00e3o, Com\u00e9rcio e Servi\u00e7os do (SDIC), explica que o governo redireciona para esta fase o cr\u00e9dito financeiro n\u00e3o utilizado na primeira fase do programa, que foi de R$ 3,4 bilh\u00f5es, divididos entre 2024 e 2025.<\/p>\n\n\n\n<p><strong>Fase 1<\/strong><\/p>\n\n\n\n<p>No ano passado, o programa Deprecia\u00e7\u00e3o Acelerada, elaborado pelo MDIC e o Minist\u00e9rio da Fazenda, beneficiou 374 projetos industriais, que acessaram cerca de R$ 200 milh\u00f5es em cr\u00e9dito tribut\u00e1rio para a compra de novos equipamentos, com destaques para os setores de produtos de borracha; biocombust\u00edveis; celulose e m\u00e1quinas e equipamentos.<\/p>\n\n\n\n<p><strong>Sobre o Programa<\/strong><\/p>\n\n\n\n<p>A deprecia\u00e7\u00e3o acelerada \u00e9 um mecanismo que funciona como antecipa\u00e7\u00e3o de receita para as empresas.<\/p>\n\n\n\n<p>Toda vez que adquire um bem de capital, o empres\u00e1rio pode abater seu valor nas declara\u00e7\u00f5es futuras de IRPJ (Imposto de Renda de Pessoa Jur\u00eddica) e de CSLL (Contribui\u00e7\u00e3o Social Sobre o Lucro L\u00edquido). Em condi\u00e7\u00f5es normais, esse desconto \u00e9 paulatino, feito em at\u00e9 20 anos, conforme o bem vai se depreciando.<\/p>\n\n\n\n<p>Com a deprecia\u00e7\u00e3o acelerada, o abatimento pode ser feito em apenas duas etapas: 50% no primeiro ano e 50% no segundo.<\/p>\n\n\n\n<p>Al\u00e9m de modernizar as f\u00e1bricas, a medida contribui para aumentar o fluxo de caixa das empresas e a chamada Forma\u00e7\u00e3o Bruta de Capital Fixo, que mede a capacidade produtiva futura com a aquisi\u00e7\u00e3o de maquin\u00e1rio.<\/p>\n\n\n\n<p>Estudos de bancos privados e do Instituto de Pesquisa Econ\u00f4mica Aplicada (IPEA) apontam que a iniciativa tem potencial para alavancar investimentos da ordem de R$ 20 bilh\u00f5es, com reflexos no aumento do PIB e na gera\u00e7\u00e3o de empregos.<\/p>\n\n\n\n<figure class=\"wp-block-table\"><table class=\"has-fixed-layout\"><tbody><tr><td><strong>Fonte: Ag\u00eancia Gov | Via MDIC<\/strong><\/td><\/tr><\/tbody><\/table><\/figure>\n","protected":false},"excerpt":{"rendered":"<p>Cr\u00e9dito<\/p>\n<p> <a class=\"more-link\" href=\"https:\/\/abifa.org.br\/site\/fase-2-do-programa-depreciacao-acelerada-e-lancado\/\">Leia mais<\/a><\/p>","protected":false},"author":1,"featured_media":0,"comment_status":"open","ping_status":"open","sticky":false,"template":"","format":"standard","meta":{"_acf_changed":false,"om_disable_all_campaigns":false,"_uf_show_specific_survey":0,"_uf_disable_surveys":false,"footnotes":""},"categories":[48,49],"tags":[],"class_list":{"0":"post-22046","1":"post","2":"type-post","3":"status-publish","4":"format-standard","6":"category-abifa","7":"category-industria-noticias"},"acf":[],"yoast_head":"<!-- This site is optimized with the Yoast SEO Premium plugin v26.1 (Yoast SEO v26.1) - https:\/\/yoast.com\/wordpress\/plugins\/seo\/ -->\n<title>Fase 2 do programa Deprecia\u00e7\u00e3o Acelerada \u00e9 lan\u00e7ado - ABIFA<\/title>\n<meta name=\"robots\" content=\"index, follow, max-snippet:-1, max-image-preview:large, max-video-preview:-1\" \/>\n<link rel=\"canonical\" href=\"https:\/\/abifa.org.br\/site\/fase-2-do-programa-depreciacao-acelerada-e-lancado\/\" \/>\n<meta property=\"og:locale\" content=\"pt_BR\" \/>\n<meta property=\"og:type\" content=\"article\" \/>\n<meta property=\"og:title\" content=\"Fase 2 do programa Deprecia\u00e7\u00e3o Acelerada \u00e9 lan\u00e7ado\" \/>\n<meta property=\"og:description\" content=\"Cr\u00e9dito\" \/>\n<meta property=\"og:url\" content=\"https:\/\/abifa.org.br\/site\/fase-2-do-programa-depreciacao-acelerada-e-lancado\/\" \/>\n<meta property=\"og:site_name\" content=\"ABIFA\" \/>\n<meta property=\"article:published_time\" content=\"2025-03-18T14:01:00+00:00\" \/>\n<meta name=\"author\" content=\"ABIFA\" \/>\n<meta name=\"twitter:card\" content=\"summary_large_image\" \/>\n<meta name=\"twitter:label1\" content=\"Escrito por\" \/>\n\t<meta name=\"twitter:data1\" content=\"ABIFA\" \/>\n\t<meta name=\"twitter:label2\" content=\"Est. tempo de leitura\" \/>\n\t<meta name=\"twitter:data2\" content=\"2 minutos\" \/>\n<script type=\"application\/ld+json\" class=\"yoast-schema-graph\">{\"@context\":\"https:\/\/schema.org\",\"@graph\":[{\"@type\":\"Article\",\"@id\":\"https:\/\/abifa.org.br\/site\/fase-2-do-programa-depreciacao-acelerada-e-lancado\/#article\",\"isPartOf\":{\"@id\":\"https:\/\/abifa.org.br\/site\/fase-2-do-programa-depreciacao-acelerada-e-lancado\/\"},\"author\":{\"name\":\"ABIFA\",\"@id\":\"https:\/\/abifa.org.br\/site\/#\/schema\/person\/7f5efb1b42ce680f4197d4088b88318c\"},\"headline\":\"Fase 2 do programa Deprecia\u00e7\u00e3o Acelerada \u00e9 lan\u00e7ado\",\"datePublished\":\"2025-03-18T14:01:00+00:00\",\"mainEntityOfPage\":{\"@id\":\"https:\/\/abifa.org.br\/site\/fase-2-do-programa-depreciacao-acelerada-e-lancado\/\"},\"wordCount\":455,\"commentCount\":0,\"publisher\":{\"@id\":\"https:\/\/abifa.org.br\/site\/#organization\"},\"articleSection\":[\"ABIFA\",\"Ind\u00fastria - Not\u00edcias\"],\"inLanguage\":\"pt-BR\",\"potentialAction\":[{\"@type\":\"CommentAction\",\"name\":\"Comment\",\"target\":[\"https:\/\/abifa.org.br\/site\/fase-2-do-programa-depreciacao-acelerada-e-lancado\/#respond\"]}]},{\"@type\":\"WebPage\",\"@id\":\"https:\/\/abifa.org.br\/site\/fase-2-do-programa-depreciacao-acelerada-e-lancado\/\",\"url\":\"https:\/\/abifa.org.br\/site\/fase-2-do-programa-depreciacao-acelerada-e-lancado\/\",\"name\":\"Fase 2 do programa Deprecia\u00e7\u00e3o Acelerada \u00e9 lan\u00e7ado - ABIFA\",\"isPartOf\":{\"@id\":\"https:\/\/abifa.org.br\/site\/#website\"},\"datePublished\":\"2025-03-18T14:01:00+00:00\",\"breadcrumb\":{\"@id\":\"https:\/\/abifa.org.br\/site\/fase-2-do-programa-depreciacao-acelerada-e-lancado\/#breadcrumb\"},\"inLanguage\":\"pt-BR\",\"potentialAction\":[{\"@type\":\"ReadAction\",\"target\":[\"https:\/\/abifa.org.br\/site\/fase-2-do-programa-depreciacao-acelerada-e-lancado\/\"]}]},{\"@type\":\"BreadcrumbList\",\"@id\":\"https:\/\/abifa.org.br\/site\/fase-2-do-programa-depreciacao-acelerada-e-lancado\/#breadcrumb\",\"itemListElement\":[{\"@type\":\"ListItem\",\"position\":1,\"name\":\"In\u00edcio\",\"item\":\"https:\/\/abifa.org.br\/site\/\"},{\"@type\":\"ListItem\",\"position\":2,\"name\":\"Fase 2 do programa Deprecia\u00e7\u00e3o Acelerada \u00e9 lan\u00e7ado\"}]},{\"@type\":\"WebSite\",\"@id\":\"https:\/\/abifa.org.br\/site\/#website\",\"url\":\"https:\/\/abifa.org.br\/site\/\",\"name\":\"ABIFA\",\"description\":\"\",\"publisher\":{\"@id\":\"https:\/\/abifa.org.br\/site\/#organization\"},\"potentialAction\":[{\"@type\":\"SearchAction\",\"target\":{\"@type\":\"EntryPoint\",\"urlTemplate\":\"https:\/\/abifa.org.br\/site\/?s={search_term_string}\"},\"query-input\":{\"@type\":\"PropertyValueSpecification\",\"valueRequired\":true,\"valueName\":\"search_term_string\"}}],\"inLanguage\":\"pt-BR\"},{\"@type\":\"Organization\",\"@id\":\"https:\/\/abifa.org.br\/site\/#organization\",\"name\":\"ABIFA\",\"url\":\"https:\/\/abifa.org.br\/site\/\",\"logo\":{\"@type\":\"ImageObject\",\"inLanguage\":\"pt-BR\",\"@id\":\"https:\/\/abifa.org.br\/site\/#\/schema\/logo\/image\/\",\"url\":\"https:\/\/abifa.org.br\/site\/wp-content\/uploads\/2022\/11\/cropped-logo_abifa.png\",\"contentUrl\":\"https:\/\/abifa.org.br\/site\/wp-content\/uploads\/2022\/11\/cropped-logo_abifa.png\",\"width\":250,\"height\":116,\"caption\":\"ABIFA\"},\"image\":{\"@id\":\"https:\/\/abifa.org.br\/site\/#\/schema\/logo\/image\/\"}},{\"@type\":\"Person\",\"@id\":\"https:\/\/abifa.org.br\/site\/#\/schema\/person\/7f5efb1b42ce680f4197d4088b88318c\",\"name\":\"ABIFA\",\"sameAs\":[\"https:\/\/abifa.org.br\/site\"],\"url\":\"https:\/\/abifa.org.br\/site\/author\/adm_abifa_2022\/\"}]}<\/script>\n<!-- \/ Yoast SEO Premium plugin. -->","yoast_head_json":{"title":"Fase 2 do programa Deprecia\u00e7\u00e3o Acelerada \u00e9 lan\u00e7ado - ABIFA","robots":{"index":"index","follow":"follow","max-snippet":"max-snippet:-1","max-image-preview":"max-image-preview:large","max-video-preview":"max-video-preview:-1"},"canonical":"https:\/\/abifa.org.br\/site\/fase-2-do-programa-depreciacao-acelerada-e-lancado\/","og_locale":"pt_BR","og_type":"article","og_title":"Fase 2 do programa Deprecia\u00e7\u00e3o Acelerada \u00e9 lan\u00e7ado","og_description":"Cr\u00e9dito","og_url":"https:\/\/abifa.org.br\/site\/fase-2-do-programa-depreciacao-acelerada-e-lancado\/","og_site_name":"ABIFA","article_published_time":"2025-03-18T14:01:00+00:00","author":"ABIFA","twitter_card":"summary_large_image","twitter_misc":{"Escrito por":"ABIFA","Est. tempo de leitura":"2 minutos"},"schema":{"@context":"https:\/\/schema.org","@graph":[{"@type":"Article","@id":"https:\/\/abifa.org.br\/site\/fase-2-do-programa-depreciacao-acelerada-e-lancado\/#article","isPartOf":{"@id":"https:\/\/abifa.org.br\/site\/fase-2-do-programa-depreciacao-acelerada-e-lancado\/"},"author":{"name":"ABIFA","@id":"https:\/\/abifa.org.br\/site\/#\/schema\/person\/7f5efb1b42ce680f4197d4088b88318c"},"headline":"Fase 2 do programa Deprecia\u00e7\u00e3o Acelerada \u00e9 lan\u00e7ado","datePublished":"2025-03-18T14:01:00+00:00","mainEntityOfPage":{"@id":"https:\/\/abifa.org.br\/site\/fase-2-do-programa-depreciacao-acelerada-e-lancado\/"},"wordCount":455,"commentCount":0,"publisher":{"@id":"https:\/\/abifa.org.br\/site\/#organization"},"articleSection":["ABIFA","Ind\u00fastria - Not\u00edcias"],"inLanguage":"pt-BR","potentialAction":[{"@type":"CommentAction","name":"Comment","target":["https:\/\/abifa.org.br\/site\/fase-2-do-programa-depreciacao-acelerada-e-lancado\/#respond"]}]},{"@type":"WebPage","@id":"https:\/\/abifa.org.br\/site\/fase-2-do-programa-depreciacao-acelerada-e-lancado\/","url":"https:\/\/abifa.org.br\/site\/fase-2-do-programa-depreciacao-acelerada-e-lancado\/","name":"Fase 2 do programa Deprecia\u00e7\u00e3o Acelerada \u00e9 lan\u00e7ado - ABIFA","isPartOf":{"@id":"https:\/\/abifa.org.br\/site\/#website"},"datePublished":"2025-03-18T14:01:00+00:00","breadcrumb":{"@id":"https:\/\/abifa.org.br\/site\/fase-2-do-programa-depreciacao-acelerada-e-lancado\/#breadcrumb"},"inLanguage":"pt-BR","potentialAction":[{"@type":"ReadAction","target":["https:\/\/abifa.org.br\/site\/fase-2-do-programa-depreciacao-acelerada-e-lancado\/"]}]},{"@type":"BreadcrumbList","@id":"https:\/\/abifa.org.br\/site\/fase-2-do-programa-depreciacao-acelerada-e-lancado\/#breadcrumb","itemListElement":[{"@type":"ListItem","position":1,"name":"In\u00edcio","item":"https:\/\/abifa.org.br\/site\/"},{"@type":"ListItem","position":2,"name":"Fase 2 do programa Deprecia\u00e7\u00e3o Acelerada \u00e9 lan\u00e7ado"}]},{"@type":"WebSite","@id":"https:\/\/abifa.org.br\/site\/#website","url":"https:\/\/abifa.org.br\/site\/","name":"ABIFA","description":"","publisher":{"@id":"https:\/\/abifa.org.br\/site\/#organization"},"potentialAction":[{"@type":"SearchAction","target":{"@type":"EntryPoint","urlTemplate":"https:\/\/abifa.org.br\/site\/?s={search_term_string}"},"query-input":{"@type":"PropertyValueSpecification","valueRequired":true,"valueName":"search_term_string"}}],"inLanguage":"pt-BR"},{"@type":"Organization","@id":"https:\/\/abifa.org.br\/site\/#organization","name":"ABIFA","url":"https:\/\/abifa.org.br\/site\/","logo":{"@type":"ImageObject","inLanguage":"pt-BR","@id":"https:\/\/abifa.org.br\/site\/#\/schema\/logo\/image\/","url":"https:\/\/abifa.org.br\/site\/wp-content\/uploads\/2022\/11\/cropped-logo_abifa.png","contentUrl":"https:\/\/abifa.org.br\/site\/wp-content\/uploads\/2022\/11\/cropped-logo_abifa.png","width":250,"height":116,"caption":"ABIFA"},"image":{"@id":"https:\/\/abifa.org.br\/site\/#\/schema\/logo\/image\/"}},{"@type":"Person","@id":"https:\/\/abifa.org.br\/site\/#\/schema\/person\/7f5efb1b42ce680f4197d4088b88318c","name":"ABIFA","sameAs":["https:\/\/abifa.org.br\/site"],"url":"https:\/\/abifa.org.br\/site\/author\/adm_abifa_2022\/"}]}},"_links":{"self":[{"href":"https:\/\/abifa.org.br\/site\/wp-json\/wp\/v2\/posts\/22046","targetHints":{"allow":["GET"]}}],"collection":[{"href":"https:\/\/abifa.org.br\/site\/wp-json\/wp\/v2\/posts"}],"about":[{"href":"https:\/\/abifa.org.br\/site\/wp-json\/wp\/v2\/types\/post"}],"author":[{"embeddable":true,"href":"https:\/\/abifa.org.br\/site\/wp-json\/wp\/v2\/users\/1"}],"replies":[{"embeddable":true,"href":"https:\/\/abifa.org.br\/site\/wp-json\/wp\/v2\/comments?post=22046"}],"version-history":[{"count":0,"href":"https:\/\/abifa.org.br\/site\/wp-json\/wp\/v2\/posts\/22046\/revisions"}],"wp:attachment":[{"href":"https:\/\/abifa.org.br\/site\/wp-json\/wp\/v2\/media?parent=22046"}],"wp:term":[{"taxonomy":"category","embeddable":true,"href":"https:\/\/abifa.org.br\/site\/wp-json\/wp\/v2\/categories?post=22046"},{"taxonomy":"post_tag","embeddable":true,"href":"https:\/\/abifa.org.br\/site\/wp-json\/wp\/v2\/tags?post=22046"}],"curies":[{"name":"wp","href":"https:\/\/api.w.org\/{rel}","templated":true}]}}