{"id":22299,"date":"2025-04-16T11:46:42","date_gmt":"2025-04-16T14:46:42","guid":{"rendered":"https:\/\/abifa.org.br\/site\/?p=22299"},"modified":"2025-04-15T11:47:40","modified_gmt":"2025-04-15T14:47:40","slug":"stihl-firma-parceria-com-a-ultragaz-acelerando-o-processo-de-descarbonizacao-da-fabrica-brasileira","status":"publish","type":"post","link":"https:\/\/abifa.org.br\/site\/stihl-firma-parceria-com-a-ultragaz-acelerando-o-processo-de-descarbonizacao-da-fabrica-brasileira\/","title":{"rendered":"Stihl firma parceria com a Ultragaz, acelerando o processo de descarboniza\u00e7\u00e3o da f\u00e1brica brasileira"},"content":{"rendered":"\n<p>Pelos termos do acordo, a Ultragaz ser\u00e1 respons\u00e1vel pelo fornecimento de biometano, um combust\u00edvel renov\u00e1vel cuja mat\u00e9ria-prima \u00e9 o res\u00edduo extra\u00eddo do lixo org\u00e2nico, para a f\u00e1brica da Stihl localizada em S\u00e3o Leopoldo (RS). O objetivo da empresa \u00e9 substituir a utiliza\u00e7\u00e3o de g\u00e1s natural f\u00f3ssil e, consequentemente, emitir menos gases causadores do efeito estufa. A implementa\u00e7\u00e3o do projeto representar\u00e1 uma diminui\u00e7\u00e3o de 4.080 t de CO<sub>2<\/sub> anualmente. A previs\u00e3o de in\u00edcio do projeto \u00e9 para o segundo semestre deste ano.<\/p>\n\n\n\n<p>A parceria com a Ultragaz possibilitar\u00e1 que a f\u00e1brica brasileira ultrapasse a meta do Grupo Stihl, estipulada em 40% de corte nas emiss\u00f5es de combust\u00edveis f\u00f3sseis at\u00e9 2030, com base nas emiss\u00f5es geradas em 2019.<\/p>\n\n\n\n<p>Inicialmente, o biometano ser\u00e1 utilizado em processos industriais da unidade, com foco na fus\u00e3o do alum\u00ednio e na gera\u00e7\u00e3o de energia t\u00e9rmica, entre outras atividades. De acordo com a empresa, ainda existe a possibilidade de expans\u00e3o da iniciativa, como a utiliza\u00e7\u00e3o do biometano para a frota de ve\u00edculos log\u00edsticos.<\/p>\n\n\n\n<p>A respeito desta iniciativa, Cl\u00e1udio Guenther, presidente da Stihl Brasil, afirma: \u201cTransformaremos res\u00edduo em biometano. Estamos desenvolvendo um ciclo que estrutura uma cadeia de valor sustent\u00e1vel, transformando nossos pr\u00f3prios recursos descart\u00e1veis em combust\u00edvel, reduzindo emiss\u00f5es, fortalecendo o nosso compromisso com a economia circular e dando passos largos para o alcance das metas de sustentabilidade em prol de uma produ\u00e7\u00e3o cada vez mais limpa. Ao mesmo tempo, aumentaremos o combate ao aquecimento global, tirando do ar mais de quatro mil toneladas de CO<sub>2<\/sub> por ano. Esta \u00e9 uma das a\u00e7\u00f5es que permeiam o amplo investimento e trabalho ESG da Stihl Brasil, visando um desenvolvimento sustent\u00e1vel, com inova\u00e7\u00e3o e tecnologia\u201d.<\/p>\n\n\n\n<p><strong>Investimentos<\/strong><\/p>\n\n\n\n<p>Por parte da Stihl, os investimentos contemplar\u00e3o adapta\u00e7\u00f5es de instala\u00e7\u00f5es e sistemas para o recebimento do biometano, al\u00e9m da monitora\u00e7\u00e3o do impacto ambiental do projeto.<\/p>\n\n\n\n<p>J\u00e1 os aportes da Ultragaz considerar\u00e3o principalmente a tecnologia para log\u00edstica, distribui\u00e7\u00e3o e fornecimento do biometano, com o objetivo de garantir a entrega do g\u00e1s de forma segura e sustent\u00e1vel. Ela tamb\u00e9m ser\u00e1 respons\u00e1vel pelo tratamento de todos os recursos e devidos processamentos para tratamento at\u00e9 a transforma\u00e7\u00e3o em combust\u00edvel renov\u00e1vel. Erik Trench, diretor de gases renov\u00e1veis da Ultragaz, explica que \u201co biometano \u00e9 um combust\u00edvel estrat\u00e9gico para diversificar a matriz energ\u00e9tica e impulsionar e descarbonizar a ind\u00fastria nacional. Nesse sentido, a parceria com a Stihl \u00e9 extremamente importante e demonstra o compromisso das companhias em liderar a transi\u00e7\u00e3o energ\u00e9tica do setor produtivo\u201d.<\/p>\n\n\n\n<p><strong>Como acontece o processo<\/strong><\/p>\n\n\n\n<p>No aterro sanit\u00e1rio, a estrutura \u00e9 preparada para o acondicionamento adequado dos res\u00edduos s\u00f3lidos urbanos, onde ocorre a separa\u00e7\u00e3o do l\u00edquido escuro derivado do lixo org\u00e2nico, para que n\u00e3o haja penetra\u00e7\u00e3o no solo e n\u00e3o chegue no len\u00e7ol fre\u00e1tico.<\/p>\n\n\n\n<p>Ap\u00f3s a destina\u00e7\u00e3o, o espa\u00e7o \u00e9 preparado e s\u00e3o colocados os res\u00edduos org\u00e2nicos, para que as bact\u00e9rias iniciem a decomposi\u00e7\u00e3o deste lixo, gerando o biog\u00e1s. Trata-se de um processo natural, composto por CO<sub>2<\/sub> e metano, que leva milh\u00f5es de anos para acontecer no meio ambiente e poucas semanas dentro da estrutura montada.<\/p>\n\n\n\n<p>Ap\u00f3s o armazenamento, o biog\u00e1s \u00e9 purificado para remover impurezas, como CO<sub>2<\/sub> e H<sub>2<\/sub>S, concentrando o metano para n\u00edveis acima de 90%. Depois da purifica\u00e7\u00e3o, o g\u00e1s \u00e9 comprimido e armazenado para transporte seguro at\u00e9 o local em que ser\u00e1 destinado. Os ve\u00edculos utilizados no transporte tamb\u00e9m utilizar\u00e3o o biometano como combust\u00edvel, garantindo a log\u00edstica sustent\u00e1vel.<\/p>\n","protected":false},"excerpt":{"rendered":"<p>Associada ABIFA<\/p>\n<p> <a class=\"more-link\" href=\"https:\/\/abifa.org.br\/site\/stihl-firma-parceria-com-a-ultragaz-acelerando-o-processo-de-descarbonizacao-da-fabrica-brasileira\/\">Leia mais<\/a><\/p>","protected":false},"author":1,"featured_media":0,"comment_status":"open","ping_status":"open","sticky":false,"template":"","format":"standard","meta":{"_acf_changed":false,"om_disable_all_campaigns":false,"_uf_show_specific_survey":0,"_uf_disable_surveys":false,"footnotes":""},"categories":[42,46],"tags":[],"class_list":{"0":"post-22299","1":"post","2":"type-post","3":"status-publish","4":"format-standard","6":"category-associadas-noticias","7":"category-associados-abifa-beneficios"},"acf":[],"yoast_head":"<!-- This site is optimized with the Yoast SEO Premium plugin v26.1 (Yoast SEO v26.1) - https:\/\/yoast.com\/wordpress\/plugins\/seo\/ -->\n<title>Stihl firma parceria com a Ultragaz, acelerando o processo de descarboniza\u00e7\u00e3o da f\u00e1brica brasileira - ABIFA<\/title>\n<meta name=\"robots\" content=\"index, follow, max-snippet:-1, max-image-preview:large, max-video-preview:-1\" \/>\n<link rel=\"canonical\" href=\"https:\/\/abifa.org.br\/site\/stihl-firma-parceria-com-a-ultragaz-acelerando-o-processo-de-descarbonizacao-da-fabrica-brasileira\/\" \/>\n<meta property=\"og:locale\" content=\"pt_BR\" \/>\n<meta property=\"og:type\" content=\"article\" \/>\n<meta property=\"og:title\" content=\"Stihl firma parceria com a Ultragaz, acelerando o processo de descarboniza\u00e7\u00e3o da f\u00e1brica brasileira\" \/>\n<meta property=\"og:description\" content=\"Associada ABIFA\" \/>\n<meta property=\"og:url\" content=\"https:\/\/abifa.org.br\/site\/stihl-firma-parceria-com-a-ultragaz-acelerando-o-processo-de-descarbonizacao-da-fabrica-brasileira\/\" \/>\n<meta property=\"og:site_name\" content=\"ABIFA\" \/>\n<meta property=\"article:published_time\" content=\"2025-04-16T14:46:42+00:00\" \/>\n<meta name=\"author\" content=\"ABIFA\" \/>\n<meta name=\"twitter:card\" content=\"summary_large_image\" \/>\n<meta name=\"twitter:label1\" content=\"Escrito por\" \/>\n\t<meta name=\"twitter:data1\" content=\"ABIFA\" \/>\n\t<meta name=\"twitter:label2\" content=\"Est. tempo de leitura\" \/>\n\t<meta name=\"twitter:data2\" content=\"3 minutos\" \/>\n<script type=\"application\/ld+json\" class=\"yoast-schema-graph\">{\"@context\":\"https:\/\/schema.org\",\"@graph\":[{\"@type\":\"Article\",\"@id\":\"https:\/\/abifa.org.br\/site\/stihl-firma-parceria-com-a-ultragaz-acelerando-o-processo-de-descarbonizacao-da-fabrica-brasileira\/#article\",\"isPartOf\":{\"@id\":\"https:\/\/abifa.org.br\/site\/stihl-firma-parceria-com-a-ultragaz-acelerando-o-processo-de-descarbonizacao-da-fabrica-brasileira\/\"},\"author\":{\"name\":\"ABIFA\",\"@id\":\"https:\/\/abifa.org.br\/site\/#\/schema\/person\/7f5efb1b42ce680f4197d4088b88318c\"},\"headline\":\"Stihl firma parceria com a Ultragaz, acelerando o processo de descarboniza\u00e7\u00e3o da f\u00e1brica brasileira\",\"datePublished\":\"2025-04-16T14:46:42+00:00\",\"mainEntityOfPage\":{\"@id\":\"https:\/\/abifa.org.br\/site\/stihl-firma-parceria-com-a-ultragaz-acelerando-o-processo-de-descarbonizacao-da-fabrica-brasileira\/\"},\"wordCount\":649,\"commentCount\":0,\"publisher\":{\"@id\":\"https:\/\/abifa.org.br\/site\/#organization\"},\"articleSection\":[\"Associadas - Not\u00edcias\",\"Associados ABIFA - Benef\u00edcios\"],\"inLanguage\":\"pt-BR\",\"potentialAction\":[{\"@type\":\"CommentAction\",\"name\":\"Comment\",\"target\":[\"https:\/\/abifa.org.br\/site\/stihl-firma-parceria-com-a-ultragaz-acelerando-o-processo-de-descarbonizacao-da-fabrica-brasileira\/#respond\"]}]},{\"@type\":\"WebPage\",\"@id\":\"https:\/\/abifa.org.br\/site\/stihl-firma-parceria-com-a-ultragaz-acelerando-o-processo-de-descarbonizacao-da-fabrica-brasileira\/\",\"url\":\"https:\/\/abifa.org.br\/site\/stihl-firma-parceria-com-a-ultragaz-acelerando-o-processo-de-descarbonizacao-da-fabrica-brasileira\/\",\"name\":\"Stihl firma parceria com a Ultragaz, acelerando o processo de descarboniza\u00e7\u00e3o da f\u00e1brica brasileira - ABIFA\",\"isPartOf\":{\"@id\":\"https:\/\/abifa.org.br\/site\/#website\"},\"datePublished\":\"2025-04-16T14:46:42+00:00\",\"breadcrumb\":{\"@id\":\"https:\/\/abifa.org.br\/site\/stihl-firma-parceria-com-a-ultragaz-acelerando-o-processo-de-descarbonizacao-da-fabrica-brasileira\/#breadcrumb\"},\"inLanguage\":\"pt-BR\",\"potentialAction\":[{\"@type\":\"ReadAction\",\"target\":[\"https:\/\/abifa.org.br\/site\/stihl-firma-parceria-com-a-ultragaz-acelerando-o-processo-de-descarbonizacao-da-fabrica-brasileira\/\"]}]},{\"@type\":\"BreadcrumbList\",\"@id\":\"https:\/\/abifa.org.br\/site\/stihl-firma-parceria-com-a-ultragaz-acelerando-o-processo-de-descarbonizacao-da-fabrica-brasileira\/#breadcrumb\",\"itemListElement\":[{\"@type\":\"ListItem\",\"position\":1,\"name\":\"In\u00edcio\",\"item\":\"https:\/\/abifa.org.br\/site\/\"},{\"@type\":\"ListItem\",\"position\":2,\"name\":\"Stihl firma parceria com a Ultragaz, acelerando o processo de descarboniza\u00e7\u00e3o da f\u00e1brica brasileira\"}]},{\"@type\":\"WebSite\",\"@id\":\"https:\/\/abifa.org.br\/site\/#website\",\"url\":\"https:\/\/abifa.org.br\/site\/\",\"name\":\"ABIFA\",\"description\":\"\",\"publisher\":{\"@id\":\"https:\/\/abifa.org.br\/site\/#organization\"},\"potentialAction\":[{\"@type\":\"SearchAction\",\"target\":{\"@type\":\"EntryPoint\",\"urlTemplate\":\"https:\/\/abifa.org.br\/site\/?s={search_term_string}\"},\"query-input\":{\"@type\":\"PropertyValueSpecification\",\"valueRequired\":true,\"valueName\":\"search_term_string\"}}],\"inLanguage\":\"pt-BR\"},{\"@type\":\"Organization\",\"@id\":\"https:\/\/abifa.org.br\/site\/#organization\",\"name\":\"ABIFA\",\"url\":\"https:\/\/abifa.org.br\/site\/\",\"logo\":{\"@type\":\"ImageObject\",\"inLanguage\":\"pt-BR\",\"@id\":\"https:\/\/abifa.org.br\/site\/#\/schema\/logo\/image\/\",\"url\":\"https:\/\/abifa.org.br\/site\/wp-content\/uploads\/2022\/11\/cropped-logo_abifa.png\",\"contentUrl\":\"https:\/\/abifa.org.br\/site\/wp-content\/uploads\/2022\/11\/cropped-logo_abifa.png\",\"width\":250,\"height\":116,\"caption\":\"ABIFA\"},\"image\":{\"@id\":\"https:\/\/abifa.org.br\/site\/#\/schema\/logo\/image\/\"}},{\"@type\":\"Person\",\"@id\":\"https:\/\/abifa.org.br\/site\/#\/schema\/person\/7f5efb1b42ce680f4197d4088b88318c\",\"name\":\"ABIFA\",\"sameAs\":[\"https:\/\/abifa.org.br\/site\"],\"url\":\"https:\/\/abifa.org.br\/site\/author\/adm_abifa_2022\/\"}]}<\/script>\n<!-- \/ Yoast SEO Premium plugin. -->","yoast_head_json":{"title":"Stihl firma parceria com a Ultragaz, acelerando o processo de descarboniza\u00e7\u00e3o da f\u00e1brica brasileira - ABIFA","robots":{"index":"index","follow":"follow","max-snippet":"max-snippet:-1","max-image-preview":"max-image-preview:large","max-video-preview":"max-video-preview:-1"},"canonical":"https:\/\/abifa.org.br\/site\/stihl-firma-parceria-com-a-ultragaz-acelerando-o-processo-de-descarbonizacao-da-fabrica-brasileira\/","og_locale":"pt_BR","og_type":"article","og_title":"Stihl firma parceria com a Ultragaz, acelerando o processo de descarboniza\u00e7\u00e3o da f\u00e1brica brasileira","og_description":"Associada ABIFA","og_url":"https:\/\/abifa.org.br\/site\/stihl-firma-parceria-com-a-ultragaz-acelerando-o-processo-de-descarbonizacao-da-fabrica-brasileira\/","og_site_name":"ABIFA","article_published_time":"2025-04-16T14:46:42+00:00","author":"ABIFA","twitter_card":"summary_large_image","twitter_misc":{"Escrito por":"ABIFA","Est. tempo de leitura":"3 minutos"},"schema":{"@context":"https:\/\/schema.org","@graph":[{"@type":"Article","@id":"https:\/\/abifa.org.br\/site\/stihl-firma-parceria-com-a-ultragaz-acelerando-o-processo-de-descarbonizacao-da-fabrica-brasileira\/#article","isPartOf":{"@id":"https:\/\/abifa.org.br\/site\/stihl-firma-parceria-com-a-ultragaz-acelerando-o-processo-de-descarbonizacao-da-fabrica-brasileira\/"},"author":{"name":"ABIFA","@id":"https:\/\/abifa.org.br\/site\/#\/schema\/person\/7f5efb1b42ce680f4197d4088b88318c"},"headline":"Stihl firma parceria com a Ultragaz, acelerando o processo de descarboniza\u00e7\u00e3o da f\u00e1brica brasileira","datePublished":"2025-04-16T14:46:42+00:00","mainEntityOfPage":{"@id":"https:\/\/abifa.org.br\/site\/stihl-firma-parceria-com-a-ultragaz-acelerando-o-processo-de-descarbonizacao-da-fabrica-brasileira\/"},"wordCount":649,"commentCount":0,"publisher":{"@id":"https:\/\/abifa.org.br\/site\/#organization"},"articleSection":["Associadas - Not\u00edcias","Associados ABIFA - Benef\u00edcios"],"inLanguage":"pt-BR","potentialAction":[{"@type":"CommentAction","name":"Comment","target":["https:\/\/abifa.org.br\/site\/stihl-firma-parceria-com-a-ultragaz-acelerando-o-processo-de-descarbonizacao-da-fabrica-brasileira\/#respond"]}]},{"@type":"WebPage","@id":"https:\/\/abifa.org.br\/site\/stihl-firma-parceria-com-a-ultragaz-acelerando-o-processo-de-descarbonizacao-da-fabrica-brasileira\/","url":"https:\/\/abifa.org.br\/site\/stihl-firma-parceria-com-a-ultragaz-acelerando-o-processo-de-descarbonizacao-da-fabrica-brasileira\/","name":"Stihl firma parceria com a Ultragaz, acelerando o processo de descarboniza\u00e7\u00e3o da f\u00e1brica brasileira - ABIFA","isPartOf":{"@id":"https:\/\/abifa.org.br\/site\/#website"},"datePublished":"2025-04-16T14:46:42+00:00","breadcrumb":{"@id":"https:\/\/abifa.org.br\/site\/stihl-firma-parceria-com-a-ultragaz-acelerando-o-processo-de-descarbonizacao-da-fabrica-brasileira\/#breadcrumb"},"inLanguage":"pt-BR","potentialAction":[{"@type":"ReadAction","target":["https:\/\/abifa.org.br\/site\/stihl-firma-parceria-com-a-ultragaz-acelerando-o-processo-de-descarbonizacao-da-fabrica-brasileira\/"]}]},{"@type":"BreadcrumbList","@id":"https:\/\/abifa.org.br\/site\/stihl-firma-parceria-com-a-ultragaz-acelerando-o-processo-de-descarbonizacao-da-fabrica-brasileira\/#breadcrumb","itemListElement":[{"@type":"ListItem","position":1,"name":"In\u00edcio","item":"https:\/\/abifa.org.br\/site\/"},{"@type":"ListItem","position":2,"name":"Stihl firma parceria com a Ultragaz, acelerando o processo de descarboniza\u00e7\u00e3o da f\u00e1brica brasileira"}]},{"@type":"WebSite","@id":"https:\/\/abifa.org.br\/site\/#website","url":"https:\/\/abifa.org.br\/site\/","name":"ABIFA","description":"","publisher":{"@id":"https:\/\/abifa.org.br\/site\/#organization"},"potentialAction":[{"@type":"SearchAction","target":{"@type":"EntryPoint","urlTemplate":"https:\/\/abifa.org.br\/site\/?s={search_term_string}"},"query-input":{"@type":"PropertyValueSpecification","valueRequired":true,"valueName":"search_term_string"}}],"inLanguage":"pt-BR"},{"@type":"Organization","@id":"https:\/\/abifa.org.br\/site\/#organization","name":"ABIFA","url":"https:\/\/abifa.org.br\/site\/","logo":{"@type":"ImageObject","inLanguage":"pt-BR","@id":"https:\/\/abifa.org.br\/site\/#\/schema\/logo\/image\/","url":"https:\/\/abifa.org.br\/site\/wp-content\/uploads\/2022\/11\/cropped-logo_abifa.png","contentUrl":"https:\/\/abifa.org.br\/site\/wp-content\/uploads\/2022\/11\/cropped-logo_abifa.png","width":250,"height":116,"caption":"ABIFA"},"image":{"@id":"https:\/\/abifa.org.br\/site\/#\/schema\/logo\/image\/"}},{"@type":"Person","@id":"https:\/\/abifa.org.br\/site\/#\/schema\/person\/7f5efb1b42ce680f4197d4088b88318c","name":"ABIFA","sameAs":["https:\/\/abifa.org.br\/site"],"url":"https:\/\/abifa.org.br\/site\/author\/adm_abifa_2022\/"}]}},"_links":{"self":[{"href":"https:\/\/abifa.org.br\/site\/wp-json\/wp\/v2\/posts\/22299","targetHints":{"allow":["GET"]}}],"collection":[{"href":"https:\/\/abifa.org.br\/site\/wp-json\/wp\/v2\/posts"}],"about":[{"href":"https:\/\/abifa.org.br\/site\/wp-json\/wp\/v2\/types\/post"}],"author":[{"embeddable":true,"href":"https:\/\/abifa.org.br\/site\/wp-json\/wp\/v2\/users\/1"}],"replies":[{"embeddable":true,"href":"https:\/\/abifa.org.br\/site\/wp-json\/wp\/v2\/comments?post=22299"}],"version-history":[{"count":0,"href":"https:\/\/abifa.org.br\/site\/wp-json\/wp\/v2\/posts\/22299\/revisions"}],"wp:attachment":[{"href":"https:\/\/abifa.org.br\/site\/wp-json\/wp\/v2\/media?parent=22299"}],"wp:term":[{"taxonomy":"category","embeddable":true,"href":"https:\/\/abifa.org.br\/site\/wp-json\/wp\/v2\/categories?post=22299"},{"taxonomy":"post_tag","embeddable":true,"href":"https:\/\/abifa.org.br\/site\/wp-json\/wp\/v2\/tags?post=22299"}],"curies":[{"name":"wp","href":"https:\/\/api.w.org\/{rel}","templated":true}]}}